{"id":41362,"date":"2018-10-05T09:21:12","date_gmt":"2018-10-05T12:21:12","guid":{"rendered":"https:\/\/eldiariodesanpedro.com.ar\/sitio\/?p=41362"},"modified":"2018-10-05T09:21:12","modified_gmt":"2018-10-05T12:21:12","slug":"logran-capturar-a-un-hombre-que-estaba-siendo-buscado-desde-hace-un-mes-atras","status":"publish","type":"post","link":"https:\/\/eldiariodesanpedro.com.ar\/sitio\/logran-capturar-a-un-hombre-que-estaba-siendo-buscado-desde-hace-un-mes-atras\/","title":{"rendered":"Logran capturar a un hombre que estaba siendo buscado desde hace un mes atr\u00e1s"},"content":{"rendered":"<p><!-- VideographyWP Plugin Message: Automatic video embedding prevented by plugin options. --><br \/>\nPersonal policial juntamente con personal judicial, logran capturar un hombre de 30 a\u00f1os de edad, que estaba siendo buscado un mes atr\u00e1s por estar pr\u00f3fugo de la justicia por infracci\u00f3n a la ley de drogas y estupefacientes.<\/p>\n<p>El hecho ocurri\u00f3 sobre calle Saavedra, cuando luego de realizar distintas diligencias de allanamientos en estos d\u00edas, se logra dar con el sujeto que estaba siendo buscado pr\u00f3fugo de la justicia y lograron trasladarlo a la sede policial quien permanece alojado ali.<\/p>\n<p>Al aprehendido le pesaba una orden de detenci\u00f3n y captura en \u00abinfracci\u00f3n a la ley de drogas y estupefacientes, a requerimiento de la Fiscal\u00eda N\u00ba5. <\/p>\n","protected":false},"excerpt":{"rendered":"<p>Personal policial juntamente con personal judicial, logran capturar un hombre de 30 a\u00f1os de edad, que estaba siendo buscado un mes atr\u00e1s por estar pr\u00f3fugo de la justicia por infracci\u00f3n a la ley de drogas y estupefacientes. El hecho ocurri\u00f3 sobre calle Saavedra, cuando luego de realizar distintas diligencias de allanamientos en estos d\u00edas, se [&hellip;]<\/p>\n","protected":false},"author":4,"featured_media":29146,"comment_status":"open","ping_status":"closed","sticky":false,"template":"","format":"standard","meta":{"om_disable_all_campaigns":false,"_jetpack_memberships_contains_paid_content":false,"footnotes":""},"categories":[2,103],"tags":[],"class_list":["post-41362","post","type-post","status-publish","format-standard","has-post-thumbnail","hentry","category-locales","category-policiales-locales"],"aioseo_notices":[],"gutentor_comment":0,"jetpack_featured_media_url":"https:\/\/eldiariodesanpedro.com.ar\/sitio\/wp-content\/uploads\/2018\/02\/El-sujeto-aprehendido.jpg","jetpack_shortlink":"https:\/\/wp.me\/p6RhLt-aL8","jetpack_sharing_enabled":true,"_links":{"self":[{"href":"https:\/\/eldiariodesanpedro.com.ar\/sitio\/wp-json\/wp\/v2\/posts\/41362","targetHints":{"allow":["GET"]}}],"collection":[{"href":"https:\/\/eldiariodesanpedro.com.ar\/sitio\/wp-json\/wp\/v2\/posts"}],"about":[{"href":"https:\/\/eldiariodesanpedro.com.ar\/sitio\/wp-json\/wp\/v2\/types\/post"}],"author":[{"embeddable":true,"href":"https:\/\/eldiariodesanpedro.com.ar\/sitio\/wp-json\/wp\/v2\/users\/4"}],"replies":[{"embeddable":true,"href":"https:\/\/eldiariodesanpedro.com.ar\/sitio\/wp-json\/wp\/v2\/comments?post=41362"}],"version-history":[{"count":1,"href":"https:\/\/eldiariodesanpedro.com.ar\/sitio\/wp-json\/wp\/v2\/posts\/41362\/revisions"}],"predecessor-version":[{"id":41363,"href":"https:\/\/eldiariodesanpedro.com.ar\/sitio\/wp-json\/wp\/v2\/posts\/41362\/revisions\/41363"}],"wp:featuredmedia":[{"embeddable":true,"href":"https:\/\/eldiariodesanpedro.com.ar\/sitio\/wp-json\/wp\/v2\/media\/29146"}],"wp:attachment":[{"href":"https:\/\/eldiariodesanpedro.com.ar\/sitio\/wp-json\/wp\/v2\/media?parent=41362"}],"wp:term":[{"taxonomy":"category","embeddable":true,"href":"https:\/\/eldiariodesanpedro.com.ar\/sitio\/wp-json\/wp\/v2\/categories?post=41362"},{"taxonomy":"post_tag","embeddable":true,"href":"https:\/\/eldiariodesanpedro.com.ar\/sitio\/wp-json\/wp\/v2\/tags?post=41362"}],"curies":[{"name":"wp","href":"https:\/\/api.w.org\/{rel}","templated":true}]}}