{"id":41360,"date":"2018-10-05T09:01:05","date_gmt":"2018-10-05T12:01:05","guid":{"rendered":"https:\/\/eldiariodesanpedro.com.ar\/sitio\/?p=41360"},"modified":"2018-10-05T09:01:05","modified_gmt":"2018-10-05T12:01:05","slug":"sorprendio-al-ladron-y-este-mismo-le-arrojo-piedras-para-poder-huir","status":"publish","type":"post","link":"https:\/\/eldiariodesanpedro.com.ar\/sitio\/sorprendio-al-ladron-y-este-mismo-le-arrojo-piedras-para-poder-huir\/","title":{"rendered":"Sorprendi\u00f3 al ladr\u00f3n y este mismo le arrojo piedras para poder huir"},"content":{"rendered":"<p><!-- VideographyWP Plugin Message: Automatic video embedding prevented by plugin options. --><br \/>\nFue en un vivero ubicado en calle Lucio Mansilla. Su propietaria lo sorprendi\u00f3 y este mismo le arroj\u00f3 piedras rompiendo el vidrio de su auto para que no lo siguiera. Se iniciaron actuaciones de oficio.<\/p>\n<p>El hecho ocurri\u00f3 al mediod\u00eda de este jueves, cuando un delincuente ignorado intentaba ingresar a un vivero violentando el candado del port\u00f3n principal del predio.<\/p>\n<p>Su moradora, una mujer de 45 a\u00f1os de edad, lo sorprendi\u00f3 y quiso seguirlo con su auto al ver que emprendi\u00f3 a la fuga, pero este mismo la agredi\u00f3 con piedras y logro romper el vidrio del autom\u00f3vil.<\/p>\n<p>Fue buscado en amplio operativo, sin lograr ser individualizado. Investiga el hecho la fiscal\u00eda en turno de San Pedro.<\/p>\n","protected":false},"excerpt":{"rendered":"<p>Fue en un vivero ubicado en calle Lucio Mansilla. Su propietaria lo sorprendi\u00f3 y este mismo le arroj\u00f3 piedras rompiendo el vidrio de su auto para que no lo siguiera. Se iniciaron actuaciones de oficio. El hecho ocurri\u00f3 al mediod\u00eda de este jueves, cuando un delincuente ignorado intentaba ingresar a un vivero violentando el candado [&hellip;]<\/p>\n","protected":false},"author":4,"featured_media":23313,"comment_status":"open","ping_status":"closed","sticky":false,"template":"","format":"standard","meta":{"om_disable_all_campaigns":false,"_jetpack_memberships_contains_paid_content":false,"footnotes":""},"categories":[50,2,103],"tags":[],"class_list":["post-41360","post","type-post","status-publish","format-standard","has-post-thumbnail","hentry","category-destacadas","category-locales","category-policiales-locales"],"aioseo_notices":[],"gutentor_comment":0,"jetpack_featured_media_url":"https:\/\/eldiariodesanpedro.com.ar\/sitio\/wp-content\/uploads\/2017\/09\/patrulla-nocturna.jpg","jetpack_shortlink":"https:\/\/wp.me\/p6RhLt-aL6","jetpack_sharing_enabled":true,"_links":{"self":[{"href":"https:\/\/eldiariodesanpedro.com.ar\/sitio\/wp-json\/wp\/v2\/posts\/41360","targetHints":{"allow":["GET"]}}],"collection":[{"href":"https:\/\/eldiariodesanpedro.com.ar\/sitio\/wp-json\/wp\/v2\/posts"}],"about":[{"href":"https:\/\/eldiariodesanpedro.com.ar\/sitio\/wp-json\/wp\/v2\/types\/post"}],"author":[{"embeddable":true,"href":"https:\/\/eldiariodesanpedro.com.ar\/sitio\/wp-json\/wp\/v2\/users\/4"}],"replies":[{"embeddable":true,"href":"https:\/\/eldiariodesanpedro.com.ar\/sitio\/wp-json\/wp\/v2\/comments?post=41360"}],"version-history":[{"count":1,"href":"https:\/\/eldiariodesanpedro.com.ar\/sitio\/wp-json\/wp\/v2\/posts\/41360\/revisions"}],"predecessor-version":[{"id":41361,"href":"https:\/\/eldiariodesanpedro.com.ar\/sitio\/wp-json\/wp\/v2\/posts\/41360\/revisions\/41361"}],"wp:featuredmedia":[{"embeddable":true,"href":"https:\/\/eldiariodesanpedro.com.ar\/sitio\/wp-json\/wp\/v2\/media\/23313"}],"wp:attachment":[{"href":"https:\/\/eldiariodesanpedro.com.ar\/sitio\/wp-json\/wp\/v2\/media?parent=41360"}],"wp:term":[{"taxonomy":"category","embeddable":true,"href":"https:\/\/eldiariodesanpedro.com.ar\/sitio\/wp-json\/wp\/v2\/categories?post=41360"},{"taxonomy":"post_tag","embeddable":true,"href":"https:\/\/eldiariodesanpedro.com.ar\/sitio\/wp-json\/wp\/v2\/tags?post=41360"}],"curies":[{"name":"wp","href":"https:\/\/api.w.org\/{rel}","templated":true}]}}