{"id":41358,"date":"2018-10-05T08:40:19","date_gmt":"2018-10-05T11:40:19","guid":{"rendered":"https:\/\/eldiariodesanpedro.com.ar\/sitio\/?p=41358"},"modified":"2018-10-05T10:08:33","modified_gmt":"2018-10-05T13:08:33","slug":"un-joven-aprehendido-luego-de-recuperar-en-su-domicilio-varios-elementos-robados","status":"publish","type":"post","link":"https:\/\/eldiariodesanpedro.com.ar\/sitio\/un-joven-aprehendido-luego-de-recuperar-en-su-domicilio-varios-elementos-robados\/","title":{"rendered":"Un joven aprehendido luego de recuperar en su domicilio varios elementos robados"},"content":{"rendered":"<p><!-- VideographyWP Plugin Message: Automatic video embedding prevented by plugin options. --><br \/>\nEn las primeras horas de la ma\u00f1ana de este jueves, se recibi\u00f3 una denuncia en la sede policial, de un hombre de 77 a\u00f1os, que daba cuenta que entre la noche del mi\u00e9rcoles, delincuentes ignorados hab\u00edan ingresado al galp\u00f3n de su domicilio ubicado en Villa Igoillo, tras violentar un ventiluz, y le hab\u00edan sustra\u00eddo elementos personales, un secarropas, herramientas de mano y el\u00e9ctricas, prendas de vestir, sin advertir el hecho. <\/p>\n<p>Luego de investigaciones y el r\u00e1pido accionar de los efectivos, personal del gabinete criminol\u00f3gico de la comisaria, abocado a distintas tareas, logro establecer la autor\u00eda del il\u00edcito, solicitando allanamiento.<\/p>\n<p>Uno de ellos se realizo en el  domicilio de calle Zanuccoli arrojando resultado positivo, secuestr\u00e1ndose los efectos denunciados como as\u00ed tambi\u00e9n aprehendiendo al morador, un joven de 18 a\u00f1os de edad quien permanece alojado en la Dependencia Local.<\/p>\n<p><img decoding=\"async\" data-attachment-id=\"41368\" data-permalink=\"https:\/\/eldiariodesanpedro.com.ar\/sitio\/un-joven-aprehendido-luego-de-recuperar-en-su-domicilio-varios-elementos-robados\/whatsapp-image-2018-10-05-at-09-10-31\/\" data-orig-file=\"https:\/\/eldiariodesanpedro.com.ar\/sitio\/wp-content\/uploads\/2018\/10\/WhatsApp-Image-2018-10-05-at-09.10.31.jpeg\" data-orig-size=\"774,1032\" data-comments-opened=\"1\" data-image-meta=\"{&quot;aperture&quot;:&quot;0&quot;,&quot;credit&quot;:&quot;&quot;,&quot;camera&quot;:&quot;&quot;,&quot;caption&quot;:&quot;&quot;,&quot;created_timestamp&quot;:&quot;0&quot;,&quot;copyright&quot;:&quot;&quot;,&quot;focal_length&quot;:&quot;0&quot;,&quot;iso&quot;:&quot;0&quot;,&quot;shutter_speed&quot;:&quot;0&quot;,&quot;title&quot;:&quot;&quot;,&quot;orientation&quot;:&quot;0&quot;}\" data-image-title=\"WhatsApp Image 2018-10-05 at 09.10.31\" data-image-description=\"\" data-image-caption=\"\" data-large-file=\"https:\/\/eldiariodesanpedro.com.ar\/sitio\/wp-content\/uploads\/2018\/10\/WhatsApp-Image-2018-10-05-at-09.10.31-768x1024.jpeg\" data-src=\"https:\/\/eldiariodesanpedro.com.ar\/sitio\/wp-content\/uploads\/2018\/10\/WhatsApp-Image-2018-10-05-at-09.10.31-768x1024.jpeg\" alt=\"\" width=\"660\" height=\"880\" class=\"alignnone size-large wp-image-41368 lazyload\" data-srcset=\"https:\/\/eldiariodesanpedro.com.ar\/sitio\/wp-content\/uploads\/2018\/10\/WhatsApp-Image-2018-10-05-at-09.10.31-768x1024.jpeg 768w, https:\/\/eldiariodesanpedro.com.ar\/sitio\/wp-content\/uploads\/2018\/10\/WhatsApp-Image-2018-10-05-at-09.10.31-225x300.jpeg 225w, https:\/\/eldiariodesanpedro.com.ar\/sitio\/wp-content\/uploads\/2018\/10\/WhatsApp-Image-2018-10-05-at-09.10.31.jpeg 774w\" data-sizes=\"(max-width: 660px) 100vw, 660px\" src=\"data:image\/svg+xml;base64,PHN2ZyB3aWR0aD0iMSIgaGVpZ2h0PSIxIiB4bWxucz0iaHR0cDovL3d3dy53My5vcmcvMjAwMC9zdmciPjwvc3ZnPg==\" style=\"--smush-placeholder-width: 660px; --smush-placeholder-aspect-ratio: 660\/880;\" \/><\/p>\n","protected":false},"excerpt":{"rendered":"<p>En las primeras horas de la ma\u00f1ana de este jueves, se recibi\u00f3 una denuncia en la sede policial, de un hombre de 77 a\u00f1os, que daba cuenta que entre la noche del mi\u00e9rcoles, delincuentes ignorados hab\u00edan ingresado al galp\u00f3n de su domicilio ubicado en Villa Igoillo, tras violentar un ventiluz, y le hab\u00edan sustra\u00eddo elementos [&hellip;]<\/p>\n","protected":false},"author":4,"featured_media":30195,"comment_status":"open","ping_status":"closed","sticky":false,"template":"","format":"standard","meta":{"om_disable_all_campaigns":false,"_jetpack_memberships_contains_paid_content":false,"footnotes":""},"categories":[50,2,103],"tags":[],"class_list":["post-41358","post","type-post","status-publish","format-standard","has-post-thumbnail","hentry","category-destacadas","category-locales","category-policiales-locales"],"aioseo_notices":[],"gutentor_comment":0,"jetpack_featured_media_url":"https:\/\/eldiariodesanpedro.com.ar\/sitio\/wp-content\/uploads\/2018\/03\/Aprehendido-y-ofuscado.jpg","jetpack_shortlink":"https:\/\/wp.me\/p6RhLt-aL4","jetpack_sharing_enabled":true,"_links":{"self":[{"href":"https:\/\/eldiariodesanpedro.com.ar\/sitio\/wp-json\/wp\/v2\/posts\/41358","targetHints":{"allow":["GET"]}}],"collection":[{"href":"https:\/\/eldiariodesanpedro.com.ar\/sitio\/wp-json\/wp\/v2\/posts"}],"about":[{"href":"https:\/\/eldiariodesanpedro.com.ar\/sitio\/wp-json\/wp\/v2\/types\/post"}],"author":[{"embeddable":true,"href":"https:\/\/eldiariodesanpedro.com.ar\/sitio\/wp-json\/wp\/v2\/users\/4"}],"replies":[{"embeddable":true,"href":"https:\/\/eldiariodesanpedro.com.ar\/sitio\/wp-json\/wp\/v2\/comments?post=41358"}],"version-history":[{"count":3,"href":"https:\/\/eldiariodesanpedro.com.ar\/sitio\/wp-json\/wp\/v2\/posts\/41358\/revisions"}],"predecessor-version":[{"id":41370,"href":"https:\/\/eldiariodesanpedro.com.ar\/sitio\/wp-json\/wp\/v2\/posts\/41358\/revisions\/41370"}],"wp:featuredmedia":[{"embeddable":true,"href":"https:\/\/eldiariodesanpedro.com.ar\/sitio\/wp-json\/wp\/v2\/media\/30195"}],"wp:attachment":[{"href":"https:\/\/eldiariodesanpedro.com.ar\/sitio\/wp-json\/wp\/v2\/media?parent=41358"}],"wp:term":[{"taxonomy":"category","embeddable":true,"href":"https:\/\/eldiariodesanpedro.com.ar\/sitio\/wp-json\/wp\/v2\/categories?post=41358"},{"taxonomy":"post_tag","embeddable":true,"href":"https:\/\/eldiariodesanpedro.com.ar\/sitio\/wp-json\/wp\/v2\/tags?post=41358"}],"curies":[{"name":"wp","href":"https:\/\/api.w.org\/{rel}","templated":true}]}}