{"id":41346,"date":"2018-10-04T20:43:17","date_gmt":"2018-10-04T23:43:17","guid":{"rendered":"https:\/\/eldiariodesanpedro.com.ar\/sitio\/?p=41346"},"modified":"2026-01-24T00:09:21","modified_gmt":"2026-01-24T03:09:21","slug":"patin-carrera-miguel-flores-gano-en-uruguay","status":"publish","type":"post","link":"https:\/\/eldiariodesanpedro.com.ar\/sitio\/patin-carrera-miguel-flores-gano-en-uruguay\/","title":{"rendered":"PAT\u00cdN CARRERA: Miguel Flores gan\u00f3 en Uruguay"},"content":{"rendered":"<p><!-- VideographyWP Plugin Message: Automatic video embedding prevented by plugin options. --><br \/>\nEl deportista m\u00e1ster de nuestra ciudad, Miguel Flores, gan\u00f3 en Uruguay la media marat\u00f3n (21k) de Pat\u00edn Carrera disputado recientemente. Fue por el Campeonato Nacional de Patinaje Velocidad en el Parque Rod\u00f3.<\/p>\n<p>  Flores tiene una intensa actividad entre las competencias y entrenador, con ense\u00f1anza en diferentes clubes del pa\u00eds y dictando clases en pa\u00edses vecinos.<\/p>\n<p>  Esta temporada particip\u00f3 en Chile y Uruguay y recorre gran parte del pa\u00eds dictando cl\u00ednica y aportando su experiencia como deportista y entrenador (compiti\u00f3 en los mundiales de 1997 y 2008, entre otros).<\/p>\n","protected":false},"excerpt":{"rendered":"<p>El deportista m\u00e1ster de nuestra ciudad, Miguel Flores, gan\u00f3 en Uruguay la media marat\u00f3n (21k) de Pat\u00edn Carrera disputado recientemente. Fue por el Campeonato Nacional de Patinaje Velocidad en el Parque Rod\u00f3. Flores tiene una intensa actividad entre las competencias y entrenador, con ense\u00f1anza en diferentes clubes del pa\u00eds y dictando clases en pa\u00edses vecinos. [&hellip;]<\/p>\n","protected":false},"author":4,"featured_media":41348,"comment_status":"open","ping_status":"closed","sticky":false,"template":"","format":"standard","meta":{"om_disable_all_campaigns":false,"_jetpack_memberships_contains_paid_content":false,"footnotes":""},"categories":[5],"tags":[],"class_list":["post-41346","post","type-post","status-publish","format-standard","has-post-thumbnail","hentry","category-deportes"],"aioseo_notices":[],"gutentor_comment":0,"jetpack_featured_media_url":"https:\/\/eldiariodesanpedro.com.ar\/sitio\/wp-content\/uploads\/2018\/10\/Flores-con-la-bandera-argentina.jpg","jetpack_shortlink":"https:\/\/wp.me\/p6RhLt-aKS","jetpack_sharing_enabled":true,"_links":{"self":[{"href":"https:\/\/eldiariodesanpedro.com.ar\/sitio\/wp-json\/wp\/v2\/posts\/41346","targetHints":{"allow":["GET"]}}],"collection":[{"href":"https:\/\/eldiariodesanpedro.com.ar\/sitio\/wp-json\/wp\/v2\/posts"}],"about":[{"href":"https:\/\/eldiariodesanpedro.com.ar\/sitio\/wp-json\/wp\/v2\/types\/post"}],"author":[{"embeddable":true,"href":"https:\/\/eldiariodesanpedro.com.ar\/sitio\/wp-json\/wp\/v2\/users\/4"}],"replies":[{"embeddable":true,"href":"https:\/\/eldiariodesanpedro.com.ar\/sitio\/wp-json\/wp\/v2\/comments?post=41346"}],"version-history":[{"count":1,"href":"https:\/\/eldiariodesanpedro.com.ar\/sitio\/wp-json\/wp\/v2\/posts\/41346\/revisions"}],"predecessor-version":[{"id":41349,"href":"https:\/\/eldiariodesanpedro.com.ar\/sitio\/wp-json\/wp\/v2\/posts\/41346\/revisions\/41349"}],"wp:featuredmedia":[{"embeddable":true,"href":"https:\/\/eldiariodesanpedro.com.ar\/sitio\/wp-json\/wp\/v2\/media\/41348"}],"wp:attachment":[{"href":"https:\/\/eldiariodesanpedro.com.ar\/sitio\/wp-json\/wp\/v2\/media?parent=41346"}],"wp:term":[{"taxonomy":"category","embeddable":true,"href":"https:\/\/eldiariodesanpedro.com.ar\/sitio\/wp-json\/wp\/v2\/categories?post=41346"},{"taxonomy":"post_tag","embeddable":true,"href":"https:\/\/eldiariodesanpedro.com.ar\/sitio\/wp-json\/wp\/v2\/tags?post=41346"}],"curies":[{"name":"wp","href":"https:\/\/api.w.org\/{rel}","templated":true}]}}