{"id":41344,"date":"2018-10-04T20:42:11","date_gmt":"2018-10-04T23:42:11","guid":{"rendered":"https:\/\/eldiariodesanpedro.com.ar\/sitio\/?p=41344"},"modified":"2026-01-24T00:09:21","modified_gmt":"2026-01-24T03:09:21","slug":"torneo-sub-13-independencia-sigue-su-marcha-derroto-a-somisa-y-es-lider","status":"publish","type":"post","link":"https:\/\/eldiariodesanpedro.com.ar\/sitio\/torneo-sub-13-independencia-sigue-su-marcha-derroto-a-somisa-y-es-lider\/","title":{"rendered":"TORNEO SUB 13: Independencia sigue su marcha. Derrot\u00f3 a Somisa y es l\u00edder"},"content":{"rendered":"<p><!-- VideographyWP Plugin Message: Automatic video embedding prevented by plugin options. --><br \/>\nIndependencia le gan\u00f3 a SOMISA de San Nicol\u00e1s por 3 a 1 con dos tantos de Porcell y Abaca. Termin\u00f3 con dos jugadores menos el elenco de San Pedro por expulsi\u00f3n de Posadas y Cejas. Se enfrentaron por la tercera fecha del Torneo de Clubes Sub 13 que organiza Federaci\u00f3n Norte de F\u00fatbol.  <\/p>\n<p>   Fue el segundo partido de local del elenco sampedrino, ya que en su debut le gan\u00f3 4-3 a Douglas Haig en Pergamino y en la segunda fecha igual\u00f3 1-1 ante Regatas de San Nicol\u00e1s.<br \/>\n  Ya en la etapa inicial llegaron las emociones, primero fue la visita que a trav\u00e9s de Valente Pierani a los 10 minutos sac\u00f3 ventajas, Independencia sufri\u00f3 la expulsi\u00f3n del lateral izquierdo Lautaro Posadas a los 15 minutos por falta grave, pero igual\u00f3 Gast\u00f3n Abaca a los 25 minutos. En el complemento lleg\u00f3 Rodrigo Porcell a los 5m y 8m para hacer doblete y asegurar el triunfo. Sobre el final fue expulsado Abraham Cejas tambi\u00e9n de \u201cEncia\u201d.<\/p>\n<p><strong>S\u00edntesis<\/strong><br \/>\nIndependencia FC 3- SOMISA 1<br \/>\nIndependencia FC: Alderete, Soto, Posadas, F. Brienza, Moyano, Leiva, Melgar, Fern\u00e1ndez, Rufach, Abaca y Porcell. DT: Mauro Sandoval. Relevos: Dom\u00ednguez, Kloster, Balbuena y Cejas.<br \/>\nSOMISA: Rubiola, Agustinelli, Chubasco, Rigalisans, Brovarone, N\u00fa\u00f1ez, De Bosis, S\u00e1nchez, Lockett, Pierani y Ponce. DT: Fabio Carosino. Relevos: Echeveste, Biscione, Rohrr, Mart\u00ednez y Levran.<br \/>\nGol: 10m Pierani (S), 25m Abaca (I), 35m y 38m Rodrigo Porcell (I)<br \/>\nExp. 15m Lautaro Posadas (I), 58m Abraham Cejas (I).<br \/>\n\u00c1rbitro: Walter Colombo<br \/>\nAsistentes: Juan Flores y Mat\u00edas Colombo<\/p>\n","protected":false},"excerpt":{"rendered":"<p>Independencia le gan\u00f3 a SOMISA de San Nicol\u00e1s por 3 a 1 con dos tantos de Porcell y Abaca. Termin\u00f3 con dos jugadores menos el elenco de San Pedro por expulsi\u00f3n de Posadas y Cejas. Se enfrentaron por la tercera fecha del Torneo de Clubes Sub 13 que organiza Federaci\u00f3n Norte de F\u00fatbol. Fue el [&hellip;]<\/p>\n","protected":false},"author":4,"featured_media":41345,"comment_status":"open","ping_status":"closed","sticky":false,"template":"","format":"standard","meta":{"om_disable_all_campaigns":false,"_jetpack_memberships_contains_paid_content":false,"footnotes":""},"categories":[5],"tags":[],"class_list":["post-41344","post","type-post","status-publish","format-standard","has-post-thumbnail","hentry","category-deportes"],"aioseo_notices":[],"gutentor_comment":0,"jetpack_featured_media_url":"https:\/\/eldiariodesanpedro.com.ar\/sitio\/wp-content\/uploads\/2018\/10\/Plantel-de-Independencia-FC.jpg","jetpack_shortlink":"https:\/\/wp.me\/p6RhLt-aKQ","jetpack_sharing_enabled":true,"_links":{"self":[{"href":"https:\/\/eldiariodesanpedro.com.ar\/sitio\/wp-json\/wp\/v2\/posts\/41344","targetHints":{"allow":["GET"]}}],"collection":[{"href":"https:\/\/eldiariodesanpedro.com.ar\/sitio\/wp-json\/wp\/v2\/posts"}],"about":[{"href":"https:\/\/eldiariodesanpedro.com.ar\/sitio\/wp-json\/wp\/v2\/types\/post"}],"author":[{"embeddable":true,"href":"https:\/\/eldiariodesanpedro.com.ar\/sitio\/wp-json\/wp\/v2\/users\/4"}],"replies":[{"embeddable":true,"href":"https:\/\/eldiariodesanpedro.com.ar\/sitio\/wp-json\/wp\/v2\/comments?post=41344"}],"version-history":[{"count":1,"href":"https:\/\/eldiariodesanpedro.com.ar\/sitio\/wp-json\/wp\/v2\/posts\/41344\/revisions"}],"predecessor-version":[{"id":41347,"href":"https:\/\/eldiariodesanpedro.com.ar\/sitio\/wp-json\/wp\/v2\/posts\/41344\/revisions\/41347"}],"wp:featuredmedia":[{"embeddable":true,"href":"https:\/\/eldiariodesanpedro.com.ar\/sitio\/wp-json\/wp\/v2\/media\/41345"}],"wp:attachment":[{"href":"https:\/\/eldiariodesanpedro.com.ar\/sitio\/wp-json\/wp\/v2\/media?parent=41344"}],"wp:term":[{"taxonomy":"category","embeddable":true,"href":"https:\/\/eldiariodesanpedro.com.ar\/sitio\/wp-json\/wp\/v2\/categories?post=41344"},{"taxonomy":"post_tag","embeddable":true,"href":"https:\/\/eldiariodesanpedro.com.ar\/sitio\/wp-json\/wp\/v2\/tags?post=41344"}],"curies":[{"name":"wp","href":"https:\/\/api.w.org\/{rel}","templated":true}]}}