{"id":41339,"date":"2018-10-04T20:37:15","date_gmt":"2018-10-04T23:37:15","guid":{"rendered":"https:\/\/eldiariodesanpedro.com.ar\/sitio\/?p=41339"},"modified":"2018-10-04T20:37:15","modified_gmt":"2018-10-04T23:37:15","slug":"arrecifes-los-pericos-se-presentaran-en-la-fiesta-del-automovilismo","status":"publish","type":"post","link":"https:\/\/eldiariodesanpedro.com.ar\/sitio\/arrecifes-los-pericos-se-presentaran-en-la-fiesta-del-automovilismo\/","title":{"rendered":"ARRECIFES: Los Pericos se presentar\u00e1n en la Fiesta del Automovilismo"},"content":{"rendered":"<p><!-- VideographyWP Plugin Message: Automatic video embedding prevented by plugin options. --><br \/>\nEl s\u00e1bado 20 y domingo 21 de octubre se realizar\u00e1 en el Circuito Costanero la 9\u00aa Fiesta Provincial del Automovilismo Arrecifes 2018, con numerosas atracciones.<br \/>\n  Fuera de la actividad estrictamente automovil\u00edstica, el s\u00e1bado se elegir\u00e1 la Reina Provincial del Automovilismo y el domingo tendr\u00e1 un gran cierre musical con la presentaci\u00f3n de Los Pericos, una de las bandas m\u00e1s reconocidas de la Argentina.<\/p>\n<p>Fuente: Arrecifes Noticias<\/p>\n","protected":false},"excerpt":{"rendered":"<p>El s\u00e1bado 20 y domingo 21 de octubre se realizar\u00e1 en el Circuito Costanero la 9\u00aa Fiesta Provincial del Automovilismo Arrecifes 2018, con numerosas atracciones. Fuera de la actividad estrictamente automovil\u00edstica, el s\u00e1bado se elegir\u00e1 la Reina Provincial del Automovilismo y el domingo tendr\u00e1 un gran cierre musical con la presentaci\u00f3n de Los Pericos, una [&hellip;]<\/p>\n","protected":false},"author":4,"featured_media":41340,"comment_status":"open","ping_status":"closed","sticky":false,"template":"","format":"standard","meta":{"om_disable_all_campaigns":false,"_jetpack_memberships_contains_paid_content":false,"footnotes":""},"categories":[621],"tags":[],"class_list":["post-41339","post","type-post","status-publish","format-standard","has-post-thumbnail","hentry","category-regionales"],"aioseo_notices":[],"gutentor_comment":0,"jetpack_featured_media_url":"https:\/\/eldiariodesanpedro.com.ar\/sitio\/wp-content\/uploads\/2018\/10\/los-pericos.jpg","jetpack_shortlink":"https:\/\/wp.me\/p6RhLt-aKL","jetpack_sharing_enabled":true,"_links":{"self":[{"href":"https:\/\/eldiariodesanpedro.com.ar\/sitio\/wp-json\/wp\/v2\/posts\/41339","targetHints":{"allow":["GET"]}}],"collection":[{"href":"https:\/\/eldiariodesanpedro.com.ar\/sitio\/wp-json\/wp\/v2\/posts"}],"about":[{"href":"https:\/\/eldiariodesanpedro.com.ar\/sitio\/wp-json\/wp\/v2\/types\/post"}],"author":[{"embeddable":true,"href":"https:\/\/eldiariodesanpedro.com.ar\/sitio\/wp-json\/wp\/v2\/users\/4"}],"replies":[{"embeddable":true,"href":"https:\/\/eldiariodesanpedro.com.ar\/sitio\/wp-json\/wp\/v2\/comments?post=41339"}],"version-history":[{"count":1,"href":"https:\/\/eldiariodesanpedro.com.ar\/sitio\/wp-json\/wp\/v2\/posts\/41339\/revisions"}],"predecessor-version":[{"id":41342,"href":"https:\/\/eldiariodesanpedro.com.ar\/sitio\/wp-json\/wp\/v2\/posts\/41339\/revisions\/41342"}],"wp:featuredmedia":[{"embeddable":true,"href":"https:\/\/eldiariodesanpedro.com.ar\/sitio\/wp-json\/wp\/v2\/media\/41340"}],"wp:attachment":[{"href":"https:\/\/eldiariodesanpedro.com.ar\/sitio\/wp-json\/wp\/v2\/media?parent=41339"}],"wp:term":[{"taxonomy":"category","embeddable":true,"href":"https:\/\/eldiariodesanpedro.com.ar\/sitio\/wp-json\/wp\/v2\/categories?post=41339"},{"taxonomy":"post_tag","embeddable":true,"href":"https:\/\/eldiariodesanpedro.com.ar\/sitio\/wp-json\/wp\/v2\/tags?post=41339"}],"curies":[{"name":"wp","href":"https:\/\/api.w.org\/{rel}","templated":true}]}}