{"id":41330,"date":"2018-10-04T20:21:30","date_gmt":"2018-10-04T23:21:30","guid":{"rendered":"https:\/\/eldiariodesanpedro.com.ar\/sitio\/?p=41330"},"modified":"2018-10-04T20:21:30","modified_gmt":"2018-10-04T23:21:30","slug":"contrato-con-concesionario-y-nuevos-planes-para-la-cancha-de-paleta-del-centro","status":"publish","type":"post","link":"https:\/\/eldiariodesanpedro.com.ar\/sitio\/contrato-con-concesionario-y-nuevos-planes-para-la-cancha-de-paleta-del-centro\/","title":{"rendered":"Contrato con concesionario y nuevos planes para la cancha de paleta del Centro"},"content":{"rendered":"<p><!-- VideographyWP Plugin Message: Automatic video embedding prevented by plugin options. --><br \/>\nEl Centro de Comercio e Industria y Turismo a trav\u00e9s de su presidente Mauro Troilo, suscribi\u00f3 un nuevo contrato de alquiler para la cancha de pelota a paleta ubicada en su edificio, que abre una nueva etapa para su funcionamiento.  <\/p>\n<p>  El inter\u00e9s demostrado por el Sr. Mart\u00edn Rivas, pelotari residente en nuestra ciudad y con v\u00ednculos en el Club Ferrocarril Oeste, deriv\u00f3 en este acuerdo que no s\u00f3lo permitir\u00e1 la continuidad de la actividad deportiva en las condiciones en las que se ven\u00eda practicando, sino que abre adem\u00e1s otras posibilidades para ampliar el inter\u00e9s por la disciplina y la atracci\u00f3n de nuevos jugadores.<br \/>\n  El concesionario que abonar\u00e1 un alquiler a la entidad y tendr\u00e1 a su cargo la explotaci\u00f3n de las instalaciones, dispondr\u00e1 adem\u00e1s all\u00ed de un espacio para la realizaci\u00f3n de otras actividades deportivas compatibles con el juego de pelota a paleta, adaptando los horarios disponibles.<br \/>\n  Por otro lado, la relaci\u00f3n con el tradicional club porte\u00f1o, podr\u00eda acercar en el futuro intercambios que resultar\u00edan beneficiosos para la entidad y para el Ferro que cuenta con una importante historia dentro de la pelota a paleta.<br \/>\n  Adem\u00e1s, se han entablado conversaciones con la Municipalidad a trav\u00e9s del propio Intendente Cecilio Salazar y del Subsecretario de Desarrollo Econ\u00f3mico Alfredo Camilletti (que se mostraron interesados y dispuestos a encontrar una soluci\u00f3n a este tema), para acercar a ni\u00f1os y j\u00f3venes a este deporte a trav\u00e9s del dictado de clases gratuitas impulsadas por la Direcci\u00f3n de Deportes.<br \/>\n  Luego de la preocupaci\u00f3n manifestada ante las posiciones encontradas entre la Comisi\u00f3n Directiva y los habituales usuarios de la cancha, esta instancia genera una salida que permitir\u00e1 seguir jugando a quienes disfrutan de este deporte y a nuestra instituci\u00f3n no asumir un costo que en las actuales condiciones resultaba imposible, sin afectar la administraci\u00f3n general de la entidad.<\/p>\n","protected":false},"excerpt":{"rendered":"<p>El Centro de Comercio e Industria y Turismo a trav\u00e9s de su presidente Mauro Troilo, suscribi\u00f3 un nuevo contrato de alquiler para la cancha de pelota a paleta ubicada en su edificio, que abre una nueva etapa para su funcionamiento. El inter\u00e9s demostrado por el Sr. Mart\u00edn Rivas, pelotari residente en nuestra ciudad y con [&hellip;]<\/p>\n","protected":false},"author":4,"featured_media":41331,"comment_status":"open","ping_status":"closed","sticky":false,"template":"","format":"standard","meta":{"om_disable_all_campaigns":false,"_jetpack_memberships_contains_paid_content":false,"footnotes":""},"categories":[101,2],"tags":[],"class_list":["post-41330","post","type-post","status-publish","format-standard","has-post-thumbnail","hentry","category-interes-general-locales","category-locales"],"aioseo_notices":[],"gutentor_comment":0,"jetpack_featured_media_url":"https:\/\/eldiariodesanpedro.com.ar\/sitio\/wp-content\/uploads\/2018\/10\/Contrato-con-concesionario-y-nuevos-planes-para-la-cancha-de-paleta-del-Centro.jpg","jetpack_shortlink":"https:\/\/wp.me\/p6RhLt-aKC","jetpack_sharing_enabled":true,"_links":{"self":[{"href":"https:\/\/eldiariodesanpedro.com.ar\/sitio\/wp-json\/wp\/v2\/posts\/41330","targetHints":{"allow":["GET"]}}],"collection":[{"href":"https:\/\/eldiariodesanpedro.com.ar\/sitio\/wp-json\/wp\/v2\/posts"}],"about":[{"href":"https:\/\/eldiariodesanpedro.com.ar\/sitio\/wp-json\/wp\/v2\/types\/post"}],"author":[{"embeddable":true,"href":"https:\/\/eldiariodesanpedro.com.ar\/sitio\/wp-json\/wp\/v2\/users\/4"}],"replies":[{"embeddable":true,"href":"https:\/\/eldiariodesanpedro.com.ar\/sitio\/wp-json\/wp\/v2\/comments?post=41330"}],"version-history":[{"count":1,"href":"https:\/\/eldiariodesanpedro.com.ar\/sitio\/wp-json\/wp\/v2\/posts\/41330\/revisions"}],"predecessor-version":[{"id":41333,"href":"https:\/\/eldiariodesanpedro.com.ar\/sitio\/wp-json\/wp\/v2\/posts\/41330\/revisions\/41333"}],"wp:featuredmedia":[{"embeddable":true,"href":"https:\/\/eldiariodesanpedro.com.ar\/sitio\/wp-json\/wp\/v2\/media\/41331"}],"wp:attachment":[{"href":"https:\/\/eldiariodesanpedro.com.ar\/sitio\/wp-json\/wp\/v2\/media?parent=41330"}],"wp:term":[{"taxonomy":"category","embeddable":true,"href":"https:\/\/eldiariodesanpedro.com.ar\/sitio\/wp-json\/wp\/v2\/categories?post=41330"},{"taxonomy":"post_tag","embeddable":true,"href":"https:\/\/eldiariodesanpedro.com.ar\/sitio\/wp-json\/wp\/v2\/tags?post=41330"}],"curies":[{"name":"wp","href":"https:\/\/api.w.org\/{rel}","templated":true}]}}