{"id":41322,"date":"2018-10-04T19:01:13","date_gmt":"2018-10-04T22:01:13","guid":{"rendered":"https:\/\/eldiariodesanpedro.com.ar\/sitio\/?p=41322"},"modified":"2018-10-04T19:01:13","modified_gmt":"2018-10-04T22:01:13","slug":"claudio-martin-gano-la-final-del-programa-la-tribuna-de-guido","status":"publish","type":"post","link":"https:\/\/eldiariodesanpedro.com.ar\/sitio\/claudio-martin-gano-la-final-del-programa-la-tribuna-de-guido\/","title":{"rendered":"Claudio Mart\u00edn gan\u00f3 la final del programa \u00abLa Tribuna de Guido\u00bb"},"content":{"rendered":"<p><!-- VideographyWP Plugin Message: Automatic video embedding prevented by plugin options. --><br \/>\nEl cantante sampedrino arrib\u00f3 a la final del programa conducido por Guido Kaczka y recibi\u00f3 el puntaje m\u00e1s alto del jurado.<\/p>\n<p>El cantante sampedrino Claudio Mart\u00edn se adjudic\u00f3 el premio mayor del programa La Tribuna de Guido que se emite miercoles, sabados y domingos por la pantalla del Trece TV a las 23 hs.<\/p>\n<p>El ciclo es conducido por Guido Kaczka y el sampedrino ya hab\u00eda superado la primera presentacion ocurrida el sabado pasado hasta arribar a la gran final del mi\u00e9rcoles y en el que intervendr\u00edan el resto de los finalistas que tambien ganaron los dias anteriores al igual que Claudio.<\/p>\n<p>Mart\u00edn volvi\u00f3 a ofrecer un tema perteneciente a Abel Pinto y con el tono que lo caracteriza deleit\u00f3 al p\u00fablico y al jurado que lo miraba asombrado.<br \/>\nEl reconocido productor musical Pablo Ram\u00edrez confes\u00f3 que hab\u00eda puntuado al sampedrino con un \u00ab9\u00bb, numero que despu\u00e9s fue refrendado por el resto del jurado y declar\u00f3 ganador de los 200 mil pesos al cantante oriundo de nuestra ciudad.  <\/p>\n<p>Todo San Pedro estuvo pendiente de lo que suced\u00eda con Claudio Mart\u00edn en la pantalla grande quien adem\u00e1s cont\u00f3 con el apoyo de toda la comunidad educativa de la escuela del paraje Basso, en donde el cantante es profesor de m\u00fasica.  <\/p>\n<p>En di\u00e1logo con el Diario de San Pedro Claudio coment\u00f3: \u00abno pense que podia llegar a ganar, hasta \u00faltimo momento cre\u00ed que ganaba la chica que estaba de rojo que me parecio que tenia una gran voz, al igual que los dem\u00e1s competidores\u00bb, adem\u00e1s agreg\u00f3 \u00abgracias a toda mi familia que me acompa\u00f1\u00f3 teniendo en cuenta que no me gustan estas cosas de salir en la tele o participar de estos programas, pero tuve la suerte de ganar esta primera vez\u00bb.<\/p>\n","protected":false},"excerpt":{"rendered":"<p>El cantante sampedrino arrib\u00f3 a la final del programa conducido por Guido Kaczka y recibi\u00f3 el puntaje m\u00e1s alto del jurado. El cantante sampedrino Claudio Mart\u00edn se adjudic\u00f3 el premio mayor del programa La Tribuna de Guido que se emite miercoles, sabados y domingos por la pantalla del Trece TV a las 23 hs. El [&hellip;]<\/p>\n","protected":false},"author":4,"featured_media":41323,"comment_status":"open","ping_status":"closed","sticky":false,"template":"","format":"standard","meta":{"om_disable_all_campaigns":false,"_jetpack_memberships_contains_paid_content":false,"footnotes":""},"categories":[101,2],"tags":[],"class_list":["post-41322","post","type-post","status-publish","format-standard","has-post-thumbnail","hentry","category-interes-general-locales","category-locales"],"aioseo_notices":[],"gutentor_comment":0,"jetpack_featured_media_url":"https:\/\/eldiariodesanpedro.com.ar\/sitio\/wp-content\/uploads\/2018\/10\/PAGINA-4-2.jpg","jetpack_shortlink":"https:\/\/wp.me\/p6RhLt-aKu","jetpack_sharing_enabled":true,"_links":{"self":[{"href":"https:\/\/eldiariodesanpedro.com.ar\/sitio\/wp-json\/wp\/v2\/posts\/41322","targetHints":{"allow":["GET"]}}],"collection":[{"href":"https:\/\/eldiariodesanpedro.com.ar\/sitio\/wp-json\/wp\/v2\/posts"}],"about":[{"href":"https:\/\/eldiariodesanpedro.com.ar\/sitio\/wp-json\/wp\/v2\/types\/post"}],"author":[{"embeddable":true,"href":"https:\/\/eldiariodesanpedro.com.ar\/sitio\/wp-json\/wp\/v2\/users\/4"}],"replies":[{"embeddable":true,"href":"https:\/\/eldiariodesanpedro.com.ar\/sitio\/wp-json\/wp\/v2\/comments?post=41322"}],"version-history":[{"count":1,"href":"https:\/\/eldiariodesanpedro.com.ar\/sitio\/wp-json\/wp\/v2\/posts\/41322\/revisions"}],"predecessor-version":[{"id":41324,"href":"https:\/\/eldiariodesanpedro.com.ar\/sitio\/wp-json\/wp\/v2\/posts\/41322\/revisions\/41324"}],"wp:featuredmedia":[{"embeddable":true,"href":"https:\/\/eldiariodesanpedro.com.ar\/sitio\/wp-json\/wp\/v2\/media\/41323"}],"wp:attachment":[{"href":"https:\/\/eldiariodesanpedro.com.ar\/sitio\/wp-json\/wp\/v2\/media?parent=41322"}],"wp:term":[{"taxonomy":"category","embeddable":true,"href":"https:\/\/eldiariodesanpedro.com.ar\/sitio\/wp-json\/wp\/v2\/categories?post=41322"},{"taxonomy":"post_tag","embeddable":true,"href":"https:\/\/eldiariodesanpedro.com.ar\/sitio\/wp-json\/wp\/v2\/tags?post=41322"}],"curies":[{"name":"wp","href":"https:\/\/api.w.org\/{rel}","templated":true}]}}