{"id":41318,"date":"2018-10-04T18:47:04","date_gmt":"2018-10-04T21:47:04","guid":{"rendered":"https:\/\/eldiariodesanpedro.com.ar\/sitio\/?p=41318"},"modified":"2018-10-04T18:49:20","modified_gmt":"2018-10-04T21:49:20","slug":"arrecifes-operativo-antidrogas-con-dos-aprehendidos","status":"publish","type":"post","link":"https:\/\/eldiariodesanpedro.com.ar\/sitio\/arrecifes-operativo-antidrogas-con-dos-aprehendidos\/","title":{"rendered":"ARRECIFES: Operativo antidrogas con dos aprehendidos"},"content":{"rendered":"<p><!-- VideographyWP Plugin Message: Automatic video embedding prevented by plugin options. --><br \/>\nEn la noche de este mi\u00e9rcoles se cumpli\u00f3 un importante operativo antidrogas en Arrecifes. Varias fuerzas policiales habr\u00edan concretado un allanamiento solicitado por la fiscal Dra. Ver\u00f3nica Marcantonio. El mismo habr\u00eda culminado con el secuestro de estupefacientes y la detenci\u00f3n de dos personas.<\/p>\n<p>En la noche de este mi\u00e9rcoles se cumpli\u00f3 un importante operativo antidrogas en Arrecifes. Varias fuerzas policiales habr\u00edan concretado un allanamiento solicitado por la fiscal Dra. Ver\u00f3nica Marcantonio.<\/p>\n<p>En Radio Uno (107.1), la Dra. Marcantonio confirm\u00f3 esta ma\u00f1ana que \u201cse procedi\u00f3 a aprehensi\u00f3n de Mat\u00edas Mi\u00f1o y de su concubina, Leticia Sayal, en un allanamiento realizado en calle P\u00e9rez Mill\u00e1n 1151 de la ciudad de Arrecifes. Hicimos dos allanamientos m\u00e1s, en domicilios que utilizan como morada alternativa y para guarda de estupefacientes, pero dieron resultado negativo\u201d.<\/p>\n<p>La fiscal continu\u00f3 relatando que \u201cesta causa se inici\u00f3 a fines de 2017, con la detenci\u00f3n de Iv\u00e1n Capandegui. All\u00ed apareci\u00f3 el nombre de Mi\u00f1o, a partir de un llamado an\u00f3nimo que recibimos al 911. Comenzamos a investigarlo y reunimos las pruebas suficientes para solicitar al Juez de Garant\u00edas los allanamientos y la detenci\u00f3n. Con seguimientos y filmaciones certificamos que Mi\u00f1o vend\u00eda drogas en Arrecifes a trav\u00e9s de la modalidad delivery. Las pruebas reunidas son m\u00e1s que suficientes\u201d.<\/p>\n<p>En el allanamiento de este mi\u00e9rcoles en calle P\u00e9rez Mill\u00e1n se secuestraron 350 gramos de marihuana, 100 gramos de coca\u00edna y ocho envoltorios con coca\u00edna fraccionada para su venta. Adem\u00e1s de una balanza de precisi\u00f3n, elementos para corte, cinco celulares; todos elementos que comprueban la comercializaci\u00f3n.<\/p>\n<p>\u201cMi\u00f1o y Sayal prestar\u00e1n hoy declaraci\u00f3n indagatoria y yo le pedir\u00e9 al juez que sus aprehensiones se conviertan en detenciones con prisi\u00f3n preventiva\u201d, a\u00f1adi\u00f3 la fiscal interviniente.<\/p>\n<p>Fuente: Arrecifes Noticias<\/p>\n","protected":false},"excerpt":{"rendered":"<p>En la noche de este mi\u00e9rcoles se cumpli\u00f3 un importante operativo antidrogas en Arrecifes. Varias fuerzas policiales habr\u00edan concretado un allanamiento solicitado por la fiscal Dra. Ver\u00f3nica Marcantonio. El mismo habr\u00eda culminado con el secuestro de estupefacientes y la detenci\u00f3n de dos personas. En la noche de este mi\u00e9rcoles se cumpli\u00f3 un importante operativo antidrogas [&hellip;]<\/p>\n","protected":false},"author":4,"featured_media":41321,"comment_status":"open","ping_status":"closed","sticky":false,"template":"","format":"standard","meta":{"om_disable_all_campaigns":false,"_jetpack_memberships_contains_paid_content":false,"footnotes":""},"categories":[621],"tags":[],"class_list":["post-41318","post","type-post","status-publish","format-standard","has-post-thumbnail","hentry","category-regionales"],"aioseo_notices":[],"gutentor_comment":0,"jetpack_featured_media_url":"https:\/\/eldiariodesanpedro.com.ar\/sitio\/wp-content\/uploads\/2018\/10\/allanamiento-drogas-4.jpg","jetpack_shortlink":"https:\/\/wp.me\/p6RhLt-aKq","jetpack_sharing_enabled":true,"_links":{"self":[{"href":"https:\/\/eldiariodesanpedro.com.ar\/sitio\/wp-json\/wp\/v2\/posts\/41318","targetHints":{"allow":["GET"]}}],"collection":[{"href":"https:\/\/eldiariodesanpedro.com.ar\/sitio\/wp-json\/wp\/v2\/posts"}],"about":[{"href":"https:\/\/eldiariodesanpedro.com.ar\/sitio\/wp-json\/wp\/v2\/types\/post"}],"author":[{"embeddable":true,"href":"https:\/\/eldiariodesanpedro.com.ar\/sitio\/wp-json\/wp\/v2\/users\/4"}],"replies":[{"embeddable":true,"href":"https:\/\/eldiariodesanpedro.com.ar\/sitio\/wp-json\/wp\/v2\/comments?post=41318"}],"version-history":[{"count":1,"href":"https:\/\/eldiariodesanpedro.com.ar\/sitio\/wp-json\/wp\/v2\/posts\/41318\/revisions"}],"predecessor-version":[{"id":41320,"href":"https:\/\/eldiariodesanpedro.com.ar\/sitio\/wp-json\/wp\/v2\/posts\/41318\/revisions\/41320"}],"wp:featuredmedia":[{"embeddable":true,"href":"https:\/\/eldiariodesanpedro.com.ar\/sitio\/wp-json\/wp\/v2\/media\/41321"}],"wp:attachment":[{"href":"https:\/\/eldiariodesanpedro.com.ar\/sitio\/wp-json\/wp\/v2\/media?parent=41318"}],"wp:term":[{"taxonomy":"category","embeddable":true,"href":"https:\/\/eldiariodesanpedro.com.ar\/sitio\/wp-json\/wp\/v2\/categories?post=41318"},{"taxonomy":"post_tag","embeddable":true,"href":"https:\/\/eldiariodesanpedro.com.ar\/sitio\/wp-json\/wp\/v2\/tags?post=41318"}],"curies":[{"name":"wp","href":"https:\/\/api.w.org\/{rel}","templated":true}]}}