{"id":41317,"date":"2018-10-04T19:23:30","date_gmt":"2018-10-04T22:23:30","guid":{"rendered":"https:\/\/eldiariodesanpedro.com.ar\/sitio\/?p=41317"},"modified":"2018-10-04T19:23:30","modified_gmt":"2018-10-04T22:23:30","slug":"el-secretario-general-de-fesimubo-visito-san-pedro-por-la-preocupacion-de-los-aprietes-a-los-trabajadores-municipales","status":"publish","type":"post","link":"https:\/\/eldiariodesanpedro.com.ar\/sitio\/el-secretario-general-de-fesimubo-visito-san-pedro-por-la-preocupacion-de-los-aprietes-a-los-trabajadores-municipales\/","title":{"rendered":"El secretario general de FESIMUBO visito San Pedro por la preocupaci\u00f3n de los aprietes a los trabajadores municipales"},"content":{"rendered":"<p><!-- VideographyWP Plugin Message: Automatic video embedding prevented by plugin options. --><br \/>\nLuego de los aprietes a trabajadores por parte del Secretario de Gobierno Silvio Corti denunciados d\u00edas atr\u00e1s, y ante el armado del gremio UPCN impulsado por el propio Intendente Cecilio Salazar, esta tarde llego a San Pedro el Secretario General de FESIMUBO (Confederaci\u00f3n de Trabajadores Municipales de la Rep\u00fablica Argentina), Rub\u00e9n \u00abCholo\u00bb Garcia, quien fue llamado por el propio Mono Acosta para presentarle su preocupaci\u00f3n actual. El secretario brindo ademas una conferencia de prensa a los medios locales.<\/p>\n<p>Acosta comenz\u00f3: \u00abYa es de publico conocimiento la nota que hemos hecho en repudio al Sr Secretario de Gobierno, Silvio Corti, va si se puede decir as\u00ed, es un Patr\u00f3n de Estancia, quien el viernes por la tarde llamo a tres compa\u00f1eros a su despacho para apretarlos y amenazarlos por el  ultimo paro que est\u00e1bamos haciendo, no solo eso, sino tambi\u00e9n por todos los aprietes que estamos viviendo cada vez que hacemos una medida de fuerza, en todas las \u00e1reas municipales, tampoco cumplen con la ley, con los pasaplantas, las \u00e1reas no est\u00e1n en condiciones de trabajar y los vehiculos tampoco\u00bb.  <\/p>\n<p>Ademas agrego \u00abEl ejecutivo al ver que estamos unidos, para romper eso, arma un nuevo gremio que es UPCN, donde es toda gente llegada al ejecutivo, quien hasta el mismo esta afiliando gente\u00bb.<\/p>\n<p>Tambi\u00e9n hablo de porque solicitaron la visita del Secretario General Ruben Garcia y expreso: \u00abEl Cholo siempre sabe lo que pasa, nosotros nunca vivimos esto, nosotros cada medida de fuerza que hemos hecho es pol\u00edtico, con Barbieri y Guacone fue pol\u00edtico, hoy no puedo decir lo mismo, Corti les dec\u00eda a los compa\u00f1eros, miren que los m\u00e9dicos pueden conseguir trabajo en otro lado pero ustedes no!, nos preocupa esta situaci\u00f3n\u00bb.<\/p>\n<p>Garcia agregaba \u00abAveces cuando habla el Secretario de Gobierno habla el Intendente, me parece que es il\u00f3gico un hombre que viene del gremialismo, de los trabajadores, mande un vocero para apretar gente, se pueden iniciar acciones legales, vamos hacer la denuncia\u00bb.<\/p>\n<p>Sobre UPCN, la conformaci\u00f3n del nuevo gremio, tambi\u00e9n expreso: \u00abes un Gremio amarillista, siempre estuvo con la patronal hist\u00f3ricamente, no importa quien este en el poder pol\u00edtico, ellos no son un gremio, son una empresa de prestamos, de servicios que tienen su negocio pol\u00edtico para el dirigente, a pasado en muchos distritos, los trabajadores se van porque no discuten salarios; todav\u00eda no pidi\u00f3 reapertura de paritarias, el negocio no es la defensa de los trabajadores\u00bb.<\/p>\n<p>Este mes de Octubre se abrir\u00e1 la mesa para discutir paritarias, el propio Mono Acosta dijo \u00bb UPCN no tiene validez, junto con los compa\u00f1eros no los vamos a dejar entrar, que miren de afuera, si el Gobierno los deja entrar nos levantaremos y nos iremos\u00bb culmino en Conferencia.<\/p>\n","protected":false},"excerpt":{"rendered":"<p>Luego de los aprietes a trabajadores por parte del Secretario de Gobierno Silvio Corti denunciados d\u00edas atr\u00e1s, y ante el armado del gremio UPCN impulsado por el propio Intendente Cecilio Salazar, esta tarde llego a San Pedro el Secretario General de FESIMUBO (Confederaci\u00f3n de Trabajadores Municipales de la Rep\u00fablica Argentina), Rub\u00e9n \u00abCholo\u00bb Garcia, quien fue [&hellip;]<\/p>\n","protected":false},"author":4,"featured_media":41327,"comment_status":"open","ping_status":"closed","sticky":false,"template":"","format":"standard","meta":{"om_disable_all_campaigns":false,"_jetpack_memberships_contains_paid_content":false,"footnotes":""},"categories":[50,2,102],"tags":[],"class_list":["post-41317","post","type-post","status-publish","format-standard","has-post-thumbnail","hentry","category-destacadas","category-locales","category-politica-locales"],"aioseo_notices":[],"gutentor_comment":0,"jetpack_featured_media_url":"https:\/\/eldiariodesanpedro.com.ar\/sitio\/wp-content\/uploads\/2018\/10\/WhatsApp-Image-2018-10-04-at-17.44.37.jpeg","jetpack_shortlink":"https:\/\/wp.me\/p6RhLt-aKp","jetpack_sharing_enabled":true,"_links":{"self":[{"href":"https:\/\/eldiariodesanpedro.com.ar\/sitio\/wp-json\/wp\/v2\/posts\/41317","targetHints":{"allow":["GET"]}}],"collection":[{"href":"https:\/\/eldiariodesanpedro.com.ar\/sitio\/wp-json\/wp\/v2\/posts"}],"about":[{"href":"https:\/\/eldiariodesanpedro.com.ar\/sitio\/wp-json\/wp\/v2\/types\/post"}],"author":[{"embeddable":true,"href":"https:\/\/eldiariodesanpedro.com.ar\/sitio\/wp-json\/wp\/v2\/users\/4"}],"replies":[{"embeddable":true,"href":"https:\/\/eldiariodesanpedro.com.ar\/sitio\/wp-json\/wp\/v2\/comments?post=41317"}],"version-history":[{"count":1,"href":"https:\/\/eldiariodesanpedro.com.ar\/sitio\/wp-json\/wp\/v2\/posts\/41317\/revisions"}],"predecessor-version":[{"id":41328,"href":"https:\/\/eldiariodesanpedro.com.ar\/sitio\/wp-json\/wp\/v2\/posts\/41317\/revisions\/41328"}],"wp:featuredmedia":[{"embeddable":true,"href":"https:\/\/eldiariodesanpedro.com.ar\/sitio\/wp-json\/wp\/v2\/media\/41327"}],"wp:attachment":[{"href":"https:\/\/eldiariodesanpedro.com.ar\/sitio\/wp-json\/wp\/v2\/media?parent=41317"}],"wp:term":[{"taxonomy":"category","embeddable":true,"href":"https:\/\/eldiariodesanpedro.com.ar\/sitio\/wp-json\/wp\/v2\/categories?post=41317"},{"taxonomy":"post_tag","embeddable":true,"href":"https:\/\/eldiariodesanpedro.com.ar\/sitio\/wp-json\/wp\/v2\/tags?post=41317"}],"curies":[{"name":"wp","href":"https:\/\/api.w.org\/{rel}","templated":true}]}}