{"id":41313,"date":"2018-10-04T18:27:12","date_gmt":"2018-10-04T21:27:12","guid":{"rendered":"https:\/\/eldiariodesanpedro.com.ar\/sitio\/?p=41313"},"modified":"2018-10-04T18:28:17","modified_gmt":"2018-10-04T21:28:17","slug":"en-santa-lucia-festival-internacional-danzas-a-orillas-del-rio-parana","status":"publish","type":"post","link":"https:\/\/eldiariodesanpedro.com.ar\/sitio\/en-santa-lucia-festival-internacional-danzas-a-orillas-del-rio-parana\/","title":{"rendered":"En Santa Lucia: Festival Internacional \u00abDanzas a Orillas del R\u00edo Paran\u00e1\u00bb"},"content":{"rendered":"<p><!-- VideographyWP Plugin Message: Automatic video embedding prevented by plugin options. --><br \/>\nEste jueves por la ma\u00f1ana se llevo a cabo una conferencia de prensa donde se anunciaba \u00abalgo inedito, hist\u00f3rico\u00bb expresaba el Delegado Municipal de Santa Lucia, Luis Caramun, donde se desarrollara el Festival Internacional \u00abDanzas a Orillas del Rio Parana\u00bb este 12 de Octubre.<\/p>\n<p>Daniel Toledo, uno de los representantes del ballet contaba que: \u00abEl Evento nace a trav\u00e9s de una propuesta de amigos de un ballet de Santa Fe, nosotros vamos a tener la primera edici\u00f3n en Santa Lucia, vamos a recibir a delegaciones de distintas pa\u00edses como Colombia, Ecuador, Bolivia, Paraguay, M\u00e9xico, Brasil y entre ellos bailarines de distintas provincias como Jujuy, San Juan y Rio Negro que cada uno viene a representar su regi\u00f3n y agrego \u00abes un festival que va a mostrar mucho despliegue de vestuario y bailarines, mostrando cada uno su cultura\u00bb. Adem\u00e1s estar\u00e1n artistas locales y de las ciudades vecinas como San Pedro, Arrecifes, Baradero, entre otros.<\/p>\n<p>El Festival se realizara el pr\u00f3ximo viernes 12 de Octubre, en el marco de la celebraci\u00f3n por el D\u00eda de la \u201cDiversidad Cultural\u201d, a partir de las 16hs ya van a estar los artesanos y el Show comenzara a las 18hs. Es libre y gratuito, su objetivo es el intercambio cultural con los ciudadanos de San Pedro.<\/p>\n<p><iframe style=\"border: none; overflow: hidden;\" data-src=\"https:\/\/www.facebook.com\/plugins\/video.php?href=https%3A%2F%2Fwww.facebook.com%2Feldiario.desanpedro%2Fvideos%2F534093263702848%2F&amp;show_text=0&amp;width=560\" width=\"560\" height=\"315\" frameborder=\"0\" scrolling=\"no\" allowfullscreen=\"allowfullscreen\" src=\"data:image\/svg+xml;base64,PHN2ZyB3aWR0aD0iMSIgaGVpZ2h0PSIxIiB4bWxucz0iaHR0cDovL3d3dy53My5vcmcvMjAwMC9zdmciPjwvc3ZnPg==\" class=\"lazyload\" data-load-mode=\"1\"><\/iframe><\/p>\n","protected":false},"excerpt":{"rendered":"<p>Este jueves por la ma\u00f1ana se llevo a cabo una conferencia de prensa donde se anunciaba \u00abalgo inedito, hist\u00f3rico\u00bb expresaba el Delegado Municipal de Santa Lucia, Luis Caramun, donde se desarrollara el Festival Internacional \u00abDanzas a Orillas del Rio Parana\u00bb este 12 de Octubre. Daniel Toledo, uno de los representantes del ballet contaba que: \u00abEl [&hellip;]<\/p>\n","protected":false},"author":4,"featured_media":41314,"comment_status":"open","ping_status":"closed","sticky":false,"template":"","format":"standard","meta":{"om_disable_all_campaigns":false,"_jetpack_memberships_contains_paid_content":false,"footnotes":""},"categories":[50,101,2],"tags":[],"class_list":["post-41313","post","type-post","status-publish","format-standard","has-post-thumbnail","hentry","category-destacadas","category-interes-general-locales","category-locales"],"aioseo_notices":[],"gutentor_comment":0,"jetpack_featured_media_url":"https:\/\/eldiariodesanpedro.com.ar\/sitio\/wp-content\/uploads\/2018\/10\/WhatsApp-Image-2018-10-04-at-18.25.20.jpeg","jetpack_shortlink":"https:\/\/wp.me\/p6RhLt-aKl","jetpack_sharing_enabled":true,"_links":{"self":[{"href":"https:\/\/eldiariodesanpedro.com.ar\/sitio\/wp-json\/wp\/v2\/posts\/41313","targetHints":{"allow":["GET"]}}],"collection":[{"href":"https:\/\/eldiariodesanpedro.com.ar\/sitio\/wp-json\/wp\/v2\/posts"}],"about":[{"href":"https:\/\/eldiariodesanpedro.com.ar\/sitio\/wp-json\/wp\/v2\/types\/post"}],"author":[{"embeddable":true,"href":"https:\/\/eldiariodesanpedro.com.ar\/sitio\/wp-json\/wp\/v2\/users\/4"}],"replies":[{"embeddable":true,"href":"https:\/\/eldiariodesanpedro.com.ar\/sitio\/wp-json\/wp\/v2\/comments?post=41313"}],"version-history":[{"count":2,"href":"https:\/\/eldiariodesanpedro.com.ar\/sitio\/wp-json\/wp\/v2\/posts\/41313\/revisions"}],"predecessor-version":[{"id":41316,"href":"https:\/\/eldiariodesanpedro.com.ar\/sitio\/wp-json\/wp\/v2\/posts\/41313\/revisions\/41316"}],"wp:featuredmedia":[{"embeddable":true,"href":"https:\/\/eldiariodesanpedro.com.ar\/sitio\/wp-json\/wp\/v2\/media\/41314"}],"wp:attachment":[{"href":"https:\/\/eldiariodesanpedro.com.ar\/sitio\/wp-json\/wp\/v2\/media?parent=41313"}],"wp:term":[{"taxonomy":"category","embeddable":true,"href":"https:\/\/eldiariodesanpedro.com.ar\/sitio\/wp-json\/wp\/v2\/categories?post=41313"},{"taxonomy":"post_tag","embeddable":true,"href":"https:\/\/eldiariodesanpedro.com.ar\/sitio\/wp-json\/wp\/v2\/tags?post=41313"}],"curies":[{"name":"wp","href":"https:\/\/api.w.org\/{rel}","templated":true}]}}