{"id":41310,"date":"2018-10-04T10:07:32","date_gmt":"2018-10-04T13:07:32","guid":{"rendered":"https:\/\/eldiariodesanpedro.com.ar\/sitio\/?p=41310"},"modified":"2018-10-04T10:07:32","modified_gmt":"2018-10-04T13:07:32","slug":"22o-canaletas-rock-el-proximo-sabado-desde-las-14","status":"publish","type":"post","link":"https:\/\/eldiariodesanpedro.com.ar\/sitio\/22o-canaletas-rock-el-proximo-sabado-desde-las-14\/","title":{"rendered":"22\u00ba Canaletas Rock el pr\u00f3ximo s\u00e1bado desde las 14"},"content":{"rendered":"<p><!-- VideographyWP Plugin Message: Automatic video embedding prevented by plugin options. --><br \/>\nVuelve este s\u00e1bado el festival de rock que re\u00fane a bandas de San Pedro y la regi\u00f3n a orillas del r\u00edo y en el coraz\u00f3n del Barrio Canaletas. <\/p>\n<p>El Espacio Cultural Viejo Astillero ser\u00e1 el escenario de esta 22\u00ba edici\u00f3n, con una interesante programaci\u00f3n de bandas sampedrinas que se presentar\u00e1n desde las 14. Le entrada es libre y gratuita, pero se recibir\u00e1n alimentos no perecederos para el Merendero Benefactora. Adem\u00e1s, el servicio de cantina estar\u00e1 a cargo de la Escuela 501 que de este modo obtendr\u00e1 fondos muy valiosos para sus actividades. <\/p>\n<p>Participar\u00e1n los grupos Orden Masyaf, Etruscos, La Carpincho Rock And Blues, DTLP, Tick Toper, Camalotal, Musgo, Espiral y DJ Evil Marty.  <\/p>\n<p>El Canaletas Rock es posible gracias al trabajo de un grupo de m\u00fasicos y seguidores del rock que viene organiz\u00e1ndolo desde hace a\u00f1os. Para esta edici\u00f3n se repite el apoyo de empresas locales y la coordinaci\u00f3n de la Comisi\u00f3n de Cultura con el aporte del Fondo de Promoci\u00f3n Cultural del Honorable Concejo Deliberante y la Municipalidad de San Pedro.<\/p>\n","protected":false},"excerpt":{"rendered":"<p>Vuelve este s\u00e1bado el festival de rock que re\u00fane a bandas de San Pedro y la regi\u00f3n a orillas del r\u00edo y en el coraz\u00f3n del Barrio Canaletas. El Espacio Cultural Viejo Astillero ser\u00e1 el escenario de esta 22\u00ba edici\u00f3n, con una interesante programaci\u00f3n de bandas sampedrinas que se presentar\u00e1n desde las 14. Le entrada [&hellip;]<\/p>\n","protected":false},"author":4,"featured_media":41311,"comment_status":"open","ping_status":"closed","sticky":false,"template":"","format":"standard","meta":{"om_disable_all_campaigns":false,"_jetpack_memberships_contains_paid_content":false,"footnotes":""},"categories":[101,2],"tags":[],"class_list":["post-41310","post","type-post","status-publish","format-standard","has-post-thumbnail","hentry","category-interes-general-locales","category-locales"],"aioseo_notices":[],"gutentor_comment":0,"jetpack_featured_media_url":"https:\/\/eldiariodesanpedro.com.ar\/sitio\/wp-content\/uploads\/2018\/10\/pastedImage.png","jetpack_shortlink":"https:\/\/wp.me\/p6RhLt-aKi","jetpack_sharing_enabled":true,"_links":{"self":[{"href":"https:\/\/eldiariodesanpedro.com.ar\/sitio\/wp-json\/wp\/v2\/posts\/41310","targetHints":{"allow":["GET"]}}],"collection":[{"href":"https:\/\/eldiariodesanpedro.com.ar\/sitio\/wp-json\/wp\/v2\/posts"}],"about":[{"href":"https:\/\/eldiariodesanpedro.com.ar\/sitio\/wp-json\/wp\/v2\/types\/post"}],"author":[{"embeddable":true,"href":"https:\/\/eldiariodesanpedro.com.ar\/sitio\/wp-json\/wp\/v2\/users\/4"}],"replies":[{"embeddable":true,"href":"https:\/\/eldiariodesanpedro.com.ar\/sitio\/wp-json\/wp\/v2\/comments?post=41310"}],"version-history":[{"count":1,"href":"https:\/\/eldiariodesanpedro.com.ar\/sitio\/wp-json\/wp\/v2\/posts\/41310\/revisions"}],"predecessor-version":[{"id":41312,"href":"https:\/\/eldiariodesanpedro.com.ar\/sitio\/wp-json\/wp\/v2\/posts\/41310\/revisions\/41312"}],"wp:featuredmedia":[{"embeddable":true,"href":"https:\/\/eldiariodesanpedro.com.ar\/sitio\/wp-json\/wp\/v2\/media\/41311"}],"wp:attachment":[{"href":"https:\/\/eldiariodesanpedro.com.ar\/sitio\/wp-json\/wp\/v2\/media?parent=41310"}],"wp:term":[{"taxonomy":"category","embeddable":true,"href":"https:\/\/eldiariodesanpedro.com.ar\/sitio\/wp-json\/wp\/v2\/categories?post=41310"},{"taxonomy":"post_tag","embeddable":true,"href":"https:\/\/eldiariodesanpedro.com.ar\/sitio\/wp-json\/wp\/v2\/tags?post=41310"}],"curies":[{"name":"wp","href":"https:\/\/api.w.org\/{rel}","templated":true}]}}