{"id":413,"date":"2015-11-26T17:26:37","date_gmt":"2015-11-26T20:26:37","guid":{"rendered":"http:\/\/www.eldiariodesanpedro.com.ar\/?p=413"},"modified":"2026-01-23T23:54:12","modified_gmt":"2026-01-24T02:54:12","slug":"413-2","status":"publish","type":"post","link":"https:\/\/eldiariodesanpedro.com.ar\/sitio\/413-2\/","title":{"rendered":"Mitre lo dio vuelta y termin\u00f3 en la final"},"content":{"rendered":"<p><!-- VideographyWP Plugin Message: Automatic video embedding prevented by plugin options. --><br \/>\nIncre\u00edble el rojo, estaba dos goles abajo (tantos de Berrini y Banegas), sin embargo\u00a0 unos pocos minutos les alcanz\u00f3 para ganar el cotejo tres a dos (goles de Mattig, Borjes y Cardoso) ante Las Palmeras y meterse en la final del torneo 400\u00b0 Aniversario Baradero Ciudad.<\/p>\n<p>Las Palmeras arranc\u00f3 mejor y no extra\u00f1\u00f3 que llegara a la primera conquista, sobre los 29m Jonathan Berrini aprovech\u00f3 su chance y super\u00f3 a D\u00edaz ante la algarab\u00eda de la gente de R\u00edo Tala y para ser completo el festejo, 6m despu\u00e9s termina convirtiendo el segundo por intermedio de Banegas -de cabeza tras centro al \u00e1rea-\u00a0 y era justicia. El premio a quien m\u00e1s lo hab\u00eda buscado u hecho mejor las cosas. Pero Mitre es de los clubes que no hay que dar por vencido, un club que en los \u00faltimos 8 a\u00f1os gan\u00f3 varios t\u00edtulos y siempre tiene ese plus extra de instituci\u00f3n grande. Mattig de tiro libre la cruzo y sobre el segundo palo de Parera termin\u00f3 descansando en la red para el descuento\u00a0 y a solo segundos para el final de la etapa, con un Las Palmeras dormido en defensa, los madrug\u00f3 Borjes para llegar al empate.<\/p>\n<p>El complemento se lo vio a Mitre m\u00e1s entero desde lo f\u00edsico, aparecieron algunos jugadores claves y cuando m\u00e1s lo met\u00eda contra su arco lleg\u00f3 el gol del juvenil Iv\u00e1n Cardoso para comenzar a\u00a0 liquidar un partido que no le fue f\u00e1cil, pero con mayor practicidad lo pudo ganar. Fueron expulsados a los 34m J\u00e1uregui (M), 36m El\u00edas Caballero (LP) y 40m Banegas (LP).<\/p>\n<p>S\u00edntesis<\/p>\n<p>Mitre (3): D\u00edaz, J\u00e1uregui, Aguilera, Perfume, Ramis, Naso, Esp\u00edndola, G\u00f3mez, Borjes, Mattig y Cardoso. DT: G. Esp\u00edndola Suplentes: Moyano, Chiorazzo, Varela, Sans\u00f3 y Maneiro.<\/p>\n<p>Las Palmeras (2): Parera, Banegas, Mohr, Campodonico, M. Velo, L. Velo, Cheruzzo, Arriola, Berrini, E. Caballero y Giuliani. DT: Javier Pistan Suplentes: Brites, Garc\u00eda, Acosta, Schallibaum y S. Caballero.<\/p>\n<p>Goles en el primer tiempo: 29m Berrini (LP), 35m Banegas (LP), 39m Mattig (M) y 44m Borjes (M).<br \/>\nGol en el segundo tiempo: 33m Cardoso (M)<\/p>\n<p>Incidencias: Fueron expulsados a los 34m J\u00e1uregui (M), 36m El\u00edas Caballero (LP) y 40m Banegas (LP).<br \/>\n\u00c1rbitro: Marcelo Vega<br \/>\nAsistentes: Francisco Lasca y Lucas Bruzzesi<\/p>\n<p>&nbsp;<\/p>\n","protected":false},"excerpt":{"rendered":"<p>Incre\u00edble el rojo, estaba dos goles abajo (tantos de Berrini y Banegas), sin embargo\u00a0 unos pocos minutos les alcanz\u00f3 para ganar el cotejo tres a dos (goles de Mattig, Borjes y Cardoso) ante Las Palmeras y meterse en la final del torneo 400\u00b0 Aniversario Baradero Ciudad. Las Palmeras arranc\u00f3 mejor y no extra\u00f1\u00f3 que llegara [&hellip;]<\/p>\n","protected":false},"author":4,"featured_media":415,"comment_status":"open","ping_status":"closed","sticky":false,"template":"","format":"standard","meta":{"om_disable_all_campaigns":false,"_jetpack_memberships_contains_paid_content":false,"footnotes":""},"categories":[5],"tags":[135,136,137],"class_list":["post-413","post","type-post","status-publish","format-standard","has-post-thumbnail","hentry","category-deportes","tag-futbol-local-de-san-pedro","tag-mitre","tag-semi-finales"],"aioseo_notices":[],"gutentor_comment":0,"jetpack_featured_media_url":"https:\/\/eldiariodesanpedro.com.ar\/sitio\/wp-content\/uploads\/2015\/11\/FOTO-1-27-11-15.jpg","jetpack_shortlink":"https:\/\/wp.me\/p6RhLt-6F","jetpack_sharing_enabled":true,"_links":{"self":[{"href":"https:\/\/eldiariodesanpedro.com.ar\/sitio\/wp-json\/wp\/v2\/posts\/413","targetHints":{"allow":["GET"]}}],"collection":[{"href":"https:\/\/eldiariodesanpedro.com.ar\/sitio\/wp-json\/wp\/v2\/posts"}],"about":[{"href":"https:\/\/eldiariodesanpedro.com.ar\/sitio\/wp-json\/wp\/v2\/types\/post"}],"author":[{"embeddable":true,"href":"https:\/\/eldiariodesanpedro.com.ar\/sitio\/wp-json\/wp\/v2\/users\/4"}],"replies":[{"embeddable":true,"href":"https:\/\/eldiariodesanpedro.com.ar\/sitio\/wp-json\/wp\/v2\/comments?post=413"}],"version-history":[{"count":1,"href":"https:\/\/eldiariodesanpedro.com.ar\/sitio\/wp-json\/wp\/v2\/posts\/413\/revisions"}],"predecessor-version":[{"id":416,"href":"https:\/\/eldiariodesanpedro.com.ar\/sitio\/wp-json\/wp\/v2\/posts\/413\/revisions\/416"}],"wp:featuredmedia":[{"embeddable":true,"href":"https:\/\/eldiariodesanpedro.com.ar\/sitio\/wp-json\/wp\/v2\/media\/415"}],"wp:attachment":[{"href":"https:\/\/eldiariodesanpedro.com.ar\/sitio\/wp-json\/wp\/v2\/media?parent=413"}],"wp:term":[{"taxonomy":"category","embeddable":true,"href":"https:\/\/eldiariodesanpedro.com.ar\/sitio\/wp-json\/wp\/v2\/categories?post=413"},{"taxonomy":"post_tag","embeddable":true,"href":"https:\/\/eldiariodesanpedro.com.ar\/sitio\/wp-json\/wp\/v2\/tags?post=413"}],"curies":[{"name":"wp","href":"https:\/\/api.w.org\/{rel}","templated":true}]}}