{"id":41296,"date":"2018-10-04T09:13:44","date_gmt":"2018-10-04T12:13:44","guid":{"rendered":"https:\/\/eldiariodesanpedro.com.ar\/sitio\/?p=41296"},"modified":"2018-10-04T09:13:44","modified_gmt":"2018-10-04T12:13:44","slug":"una-mujer-victima-de-violencia-de-genero","status":"publish","type":"post","link":"https:\/\/eldiariodesanpedro.com.ar\/sitio\/una-mujer-victima-de-violencia-de-genero\/","title":{"rendered":"Una mujer v\u00edctima de violencia de g\u00e9nero"},"content":{"rendered":"<p><!-- VideographyWP Plugin Message: Automatic video embedding prevented by plugin options. --><br \/>\nEn la noche del mi\u00e9rcoles, una mujer mayor de edad fue agredida en la puerta de su casa por un hombre. La victima denuncio por un ajuste de cuentas con su hermano.<\/p>\n<p>El hecho ocurri\u00f3 en un domicilio de calle Mateo Sbert al 400 cuando la mujer es agredida f\u00edsicamente por un ciudadano a quien conoce por tener problemas con su hermano. <\/p>\n<p>La v\u00edctima sufri\u00f3 lesiones leves e investiga el hecho la Fiscal\u00eda de turno.<\/p>\n","protected":false},"excerpt":{"rendered":"<p>En la noche del mi\u00e9rcoles, una mujer mayor de edad fue agredida en la puerta de su casa por un hombre. La victima denuncio por un ajuste de cuentas con su hermano. El hecho ocurri\u00f3 en un domicilio de calle Mateo Sbert al 400 cuando la mujer es agredida f\u00edsicamente por un ciudadano a quien [&hellip;]<\/p>\n","protected":false},"author":4,"featured_media":32908,"comment_status":"open","ping_status":"closed","sticky":false,"template":"","format":"standard","meta":{"om_disable_all_campaigns":false,"_jetpack_memberships_contains_paid_content":false,"footnotes":""},"categories":[2,103],"tags":[],"class_list":["post-41296","post","type-post","status-publish","format-standard","has-post-thumbnail","hentry","category-locales","category-policiales-locales"],"aioseo_notices":[],"gutentor_comment":0,"jetpack_featured_media_url":"https:\/\/eldiariodesanpedro.com.ar\/sitio\/wp-content\/uploads\/2018\/05\/patrullero-nuevo_3.jpg","jetpack_shortlink":"https:\/\/wp.me\/p6RhLt-aK4","jetpack_sharing_enabled":true,"_links":{"self":[{"href":"https:\/\/eldiariodesanpedro.com.ar\/sitio\/wp-json\/wp\/v2\/posts\/41296","targetHints":{"allow":["GET"]}}],"collection":[{"href":"https:\/\/eldiariodesanpedro.com.ar\/sitio\/wp-json\/wp\/v2\/posts"}],"about":[{"href":"https:\/\/eldiariodesanpedro.com.ar\/sitio\/wp-json\/wp\/v2\/types\/post"}],"author":[{"embeddable":true,"href":"https:\/\/eldiariodesanpedro.com.ar\/sitio\/wp-json\/wp\/v2\/users\/4"}],"replies":[{"embeddable":true,"href":"https:\/\/eldiariodesanpedro.com.ar\/sitio\/wp-json\/wp\/v2\/comments?post=41296"}],"version-history":[{"count":1,"href":"https:\/\/eldiariodesanpedro.com.ar\/sitio\/wp-json\/wp\/v2\/posts\/41296\/revisions"}],"predecessor-version":[{"id":41297,"href":"https:\/\/eldiariodesanpedro.com.ar\/sitio\/wp-json\/wp\/v2\/posts\/41296\/revisions\/41297"}],"wp:featuredmedia":[{"embeddable":true,"href":"https:\/\/eldiariodesanpedro.com.ar\/sitio\/wp-json\/wp\/v2\/media\/32908"}],"wp:attachment":[{"href":"https:\/\/eldiariodesanpedro.com.ar\/sitio\/wp-json\/wp\/v2\/media?parent=41296"}],"wp:term":[{"taxonomy":"category","embeddable":true,"href":"https:\/\/eldiariodesanpedro.com.ar\/sitio\/wp-json\/wp\/v2\/categories?post=41296"},{"taxonomy":"post_tag","embeddable":true,"href":"https:\/\/eldiariodesanpedro.com.ar\/sitio\/wp-json\/wp\/v2\/tags?post=41296"}],"curies":[{"name":"wp","href":"https:\/\/api.w.org\/{rel}","templated":true}]}}