{"id":41281,"date":"2018-10-03T20:57:30","date_gmt":"2018-10-03T23:57:30","guid":{"rendered":"https:\/\/eldiariodesanpedro.com.ar\/sitio\/?p=41281"},"modified":"2018-10-03T20:57:30","modified_gmt":"2018-10-03T23:57:30","slug":"san-nicolas-denuncian-a-un-sujeto-por-abuso-a-un-menor-de-9-anos","status":"publish","type":"post","link":"https:\/\/eldiariodesanpedro.com.ar\/sitio\/san-nicolas-denuncian-a-un-sujeto-por-abuso-a-un-menor-de-9-anos\/","title":{"rendered":"SAN NICOL\u00c1S: Denuncian a un sujeto por abuso a un menor de 9 a\u00f1os"},"content":{"rendered":"<p><!-- VideographyWP Plugin Message: Automatic video embedding prevented by plugin options. --><br \/>\nEl aberrante hecho ocurri\u00f3 este martes y est\u00e1 siendo investigado por la Fiscal\u00eda tematizada N\u00ba 2.<\/p>\n<p>  La v\u00edctima, un menor de 9 a\u00f1os con retraso madurativo, lleg\u00f3 al Hospital San Felipe acompa\u00f1ado por su madre, una mujer de 30 a\u00f1os.<br \/>\n  La joven cont\u00f3 que hab\u00eda dejado a su hijo con un vecino que lo hab\u00eda invitado a ir a cabalgar. El sujeto de 27 a\u00f1os, alias \u00abEl lorito\u00bb, habr\u00eda abusado sexualmente del ni\u00f1o, quit\u00e1ndole la ropa y dej\u00e1ndolo solo seg\u00fan lo relatado por la v\u00edctima.<br \/>\n  Alrededor de las 15:40 hs, la madre recibi\u00f3 un llamado que daba cuenta que su hijo estaba caminando desnudo en las v\u00edas.<br \/>\n  La Fiscal\u00eda ya se encuentra trabajando en el hecho, se le tom\u00f3 declaraci\u00f3n a la progenitora, se dio intervenci\u00f3n a los peritos y se procedi\u00f3 al reconocimiento m\u00e9dico. La causa est\u00e1 caratulada como Abuso Sexual Simple.<\/p>\n<p>Fuente: Diario El Informante<\/p>\n","protected":false},"excerpt":{"rendered":"<p>El aberrante hecho ocurri\u00f3 este martes y est\u00e1 siendo investigado por la Fiscal\u00eda tematizada N\u00ba 2. La v\u00edctima, un menor de 9 a\u00f1os con retraso madurativo, lleg\u00f3 al Hospital San Felipe acompa\u00f1ado por su madre, una mujer de 30 a\u00f1os. La joven cont\u00f3 que hab\u00eda dejado a su hijo con un vecino que lo hab\u00eda [&hellip;]<\/p>\n","protected":false},"author":4,"featured_media":41282,"comment_status":"open","ping_status":"closed","sticky":false,"template":"","format":"standard","meta":{"om_disable_all_campaigns":false,"_jetpack_memberships_contains_paid_content":false,"footnotes":""},"categories":[621],"tags":[],"class_list":["post-41281","post","type-post","status-publish","format-standard","has-post-thumbnail","hentry","category-regionales"],"aioseo_notices":[],"gutentor_comment":0,"jetpack_featured_media_url":"https:\/\/eldiariodesanpedro.com.ar\/sitio\/wp-content\/uploads\/2018\/10\/Denuncian-a-un-sujeto-por-abuso-a-un-menor-de-9-a\u00f1os.jpg","jetpack_shortlink":"https:\/\/wp.me\/p6RhLt-aJP","jetpack_sharing_enabled":true,"_links":{"self":[{"href":"https:\/\/eldiariodesanpedro.com.ar\/sitio\/wp-json\/wp\/v2\/posts\/41281","targetHints":{"allow":["GET"]}}],"collection":[{"href":"https:\/\/eldiariodesanpedro.com.ar\/sitio\/wp-json\/wp\/v2\/posts"}],"about":[{"href":"https:\/\/eldiariodesanpedro.com.ar\/sitio\/wp-json\/wp\/v2\/types\/post"}],"author":[{"embeddable":true,"href":"https:\/\/eldiariodesanpedro.com.ar\/sitio\/wp-json\/wp\/v2\/users\/4"}],"replies":[{"embeddable":true,"href":"https:\/\/eldiariodesanpedro.com.ar\/sitio\/wp-json\/wp\/v2\/comments?post=41281"}],"version-history":[{"count":1,"href":"https:\/\/eldiariodesanpedro.com.ar\/sitio\/wp-json\/wp\/v2\/posts\/41281\/revisions"}],"predecessor-version":[{"id":41283,"href":"https:\/\/eldiariodesanpedro.com.ar\/sitio\/wp-json\/wp\/v2\/posts\/41281\/revisions\/41283"}],"wp:featuredmedia":[{"embeddable":true,"href":"https:\/\/eldiariodesanpedro.com.ar\/sitio\/wp-json\/wp\/v2\/media\/41282"}],"wp:attachment":[{"href":"https:\/\/eldiariodesanpedro.com.ar\/sitio\/wp-json\/wp\/v2\/media?parent=41281"}],"wp:term":[{"taxonomy":"category","embeddable":true,"href":"https:\/\/eldiariodesanpedro.com.ar\/sitio\/wp-json\/wp\/v2\/categories?post=41281"},{"taxonomy":"post_tag","embeddable":true,"href":"https:\/\/eldiariodesanpedro.com.ar\/sitio\/wp-json\/wp\/v2\/tags?post=41281"}],"curies":[{"name":"wp","href":"https:\/\/api.w.org\/{rel}","templated":true}]}}