{"id":41279,"date":"2018-10-03T21:03:30","date_gmt":"2018-10-04T00:03:30","guid":{"rendered":"https:\/\/eldiariodesanpedro.com.ar\/sitio\/?p=41279"},"modified":"2026-01-24T00:09:21","modified_gmt":"2026-01-24T03:09:21","slug":"juegos-de-la-juventud-dante-cittadini-sera-el-abanderado-argentino-en-los-juegos-olimpicos-de-la-juventud-buenos-aires-2018","status":"publish","type":"post","link":"https:\/\/eldiariodesanpedro.com.ar\/sitio\/juegos-de-la-juventud-dante-cittadini-sera-el-abanderado-argentino-en-los-juegos-olimpicos-de-la-juventud-buenos-aires-2018\/","title":{"rendered":"JUEGOS DE LA JUVENTUD: Dante Cittadini ser\u00e1 el abanderado argentino en los Juegos Ol\u00edmpicos de la Juventud Buenos Aires 2018"},"content":{"rendered":"<p><!-- VideographyWP Plugin Message: Automatic video embedding prevented by plugin options. --><br \/>\nEl campe\u00f3n mundial juvenil de Nacra 15 portar\u00e1 nuestra ense\u00f1a patria en la inauguraci\u00f3n del evento el 6 de octubre.<br \/>\n  Los 141 integrantes de la delegaci\u00f3n local, la m\u00e1s numerosa de las 206 que participar\u00e1n de Buenos Aires 2018, ingres\u00f3 a la Villa Ol\u00edmpica de la Juventud, su hogar hasta el 18 de octubre.<br \/>\n  A cuatros d\u00edas del inicio de la competencia multideportiva m\u00e1s grande de la historia argentina, el grupo de deportistas nacionales arrib\u00f3 en medio de un marco de emoci\u00f3n y expectativa por ir descubriendo la casa que albergar\u00e1 sus sue\u00f1os de gloria.<\/p>\n<p>  Cada vez falta menos para que de comienzo la tercera edici\u00f3n de los Juegos Ol\u00edmpicos de la Juventud, la competencia reservada para chicos de entre 15 y 18 a\u00f1os, y la delegaci\u00f3n argentina ya comenz\u00f3 a conocer la Villa.<br \/>\n  El primer privilegiado en recibir su acreditaci\u00f3n fue el remero Felipe Modarelli, integrante del doble par, seguida por Luz Casadevall, campeona panamericana de levantamiento de pesas en la categor\u00eda hasta 63 kilos, quienes muy sonrientes no pudieron ocultar su felicidad y miraban embelesados la credencial con su foto.<br \/>\n  Detr\u00e1s de ellos se form\u00f3 una larga fila, donde estaban presentes los seleccionados masculino y femenino de hockey 5, los chicos y las chicas del beach handball, los chicos del futsal y rugby 7, y los gimnastas, y los restantes deportistas de tiro, esgrima, nataci\u00f3n, breaking, golf, judo lucha, basquetbol 3&#215;3, entre otros.<br \/>\n  Un poco m\u00e1s cargados que al resto de la delegaci\u00f3n se vio a Agustina Roth, de BMX freestyle, llevando su bicicleta, Delfina Orlandini, la representante de triatl\u00f3n, tambi\u00e9n con sus dos bicicletas, y los integrantes del equipo de canotaje con sus palas, m\u00e1s Mirco Cuello, Victoria Saputo y Brian Arregui, el equipo de boxeo, con sus balanzas para llegar en peso al debut.<br \/>\n  El inicio de los Juegos Ol\u00edmpicos de la Juventud de Buenos Aires 2018 est\u00e1 a la vuelta de la esquina, a cuatros d\u00edas de la inauguraci\u00f3n la Villa Ol\u00edmpica de la Juventud comenz\u00f3 a tomar color desde esta ma\u00f1ana con la llegada de todas las delegaciones.<\/p>\n<p>  Argentina tendr\u00e1 la mayor delegaci\u00f3n en la competencia. En lo que ser\u00e1 la primera competencia Ol\u00edmpica de la historia con igualdad de g\u00e9nero, el equipo argentino estar\u00e1 compuesto por 141 atletas que participar\u00e1n en 32 deportes del programa deportivo de Buenos Aires 2018.<br \/>\n  Los Juegos Ol\u00edmpicos de la Juventud llega a la Argentina luego de haberse realizado en Singapur en el 2010 y en Nanjing (China) en 2014, este \u00faltimo cont\u00f3 con el boxeador Kevin Esp\u00edndola quien luego de haber clasificado a los juegos, el d\u00eda del debut a instancia de su entrenador (Julio Garc\u00eda) lleg\u00f3 tarde al pesaje y qued\u00f3 descalificado. En los dos anteriores fue el \u00fanico sampedrino presente.<br \/>\n  En esta edici\u00f3n son tres deportistas, un entrenador y un juez deportivo los representantes, todos en deportes n\u00e1uticos, El timonel Dante Cittadini, los palistas Valent\u00edn Rossi y Rebeca D\u2019Est\u00e9fano, el entrenador Nicol\u00e1s Schargorodsky (de Cittadini) y el juez de Ciclismo Dante Javier Baca.<\/p>\n<div data-carousel-extra='{&quot;blog_id&quot;:1,&quot;permalink&quot;:&quot;https:\/\/eldiariodesanpedro.com.ar\/sitio\/juegos-de-la-juventud-dante-cittadini-sera-el-abanderado-argentino-en-los-juegos-olimpicos-de-la-juventud-buenos-aires-2018\/&quot;}' id='gallery-1' class='gallery galleryid-41279 gallery-columns-3 gallery-size-large'><figure class='gallery-item'>\n\t\t\t<div class='gallery-icon landscape'>\n\t\t\t\t<a href='https:\/\/eldiariodesanpedro.com.ar\/sitio\/juegos-de-la-juventud-dante-cittadini-sera-el-abanderado-argentino-en-los-juegos-olimpicos-de-la-juventud-buenos-aires-2018\/foto-3-valentin-rossi\/'><img decoding=\"async\" width=\"640\" height=\"321\" data-src=\"https:\/\/eldiariodesanpedro.com.ar\/sitio\/wp-content\/uploads\/2018\/10\/foto-3-valentin-rossi.jpg\" class=\"attachment-large size-large lazyload\" alt=\"El Diario de San Pedro | Noticias locales y regionales\" data-srcset=\"https:\/\/eldiariodesanpedro.com.ar\/sitio\/wp-content\/uploads\/2018\/10\/foto-3-valentin-rossi.jpg 960w, https:\/\/eldiariodesanpedro.com.ar\/sitio\/wp-content\/uploads\/2018\/10\/foto-3-valentin-rossi-300x150.jpg 300w, https:\/\/eldiariodesanpedro.com.ar\/sitio\/wp-content\/uploads\/2018\/10\/foto-3-valentin-rossi-768x385.jpg 768w\" data-sizes=\"(max-width: 640px) 100vw, 640px\" data-attachment-id=\"41287\" data-permalink=\"https:\/\/eldiariodesanpedro.com.ar\/sitio\/juegos-de-la-juventud-dante-cittadini-sera-el-abanderado-argentino-en-los-juegos-olimpicos-de-la-juventud-buenos-aires-2018\/foto-3-valentin-rossi\/\" data-orig-file=\"https:\/\/eldiariodesanpedro.com.ar\/sitio\/wp-content\/uploads\/2018\/10\/foto-3-valentin-rossi.jpg\" data-orig-size=\"960,481\" data-comments-opened=\"1\" data-image-meta=\"{&quot;aperture&quot;:&quot;0&quot;,&quot;credit&quot;:&quot;&quot;,&quot;camera&quot;:&quot;&quot;,&quot;caption&quot;:&quot;&quot;,&quot;created_timestamp&quot;:&quot;0&quot;,&quot;copyright&quot;:&quot;&quot;,&quot;focal_length&quot;:&quot;0&quot;,&quot;iso&quot;:&quot;0&quot;,&quot;shutter_speed&quot;:&quot;0&quot;,&quot;title&quot;:&quot;&quot;,&quot;orientation&quot;:&quot;0&quot;}\" data-image-title=\"foto 3 valentin-rossi\" data-image-description=\"\" data-image-caption=\"\" data-large-file=\"https:\/\/eldiariodesanpedro.com.ar\/sitio\/wp-content\/uploads\/2018\/10\/foto-3-valentin-rossi.jpg\" src=\"data:image\/svg+xml;base64,PHN2ZyB3aWR0aD0iMSIgaGVpZ2h0PSIxIiB4bWxucz0iaHR0cDovL3d3dy53My5vcmcvMjAwMC9zdmciPjwvc3ZnPg==\" style=\"--smush-placeholder-width: 640px; --smush-placeholder-aspect-ratio: 640\/321;\" \/><\/a>\n\t\t\t<\/div><\/figure><figure class='gallery-item'>\n\t\t\t<div class='gallery-icon landscape'>\n\t\t\t\t<a href='https:\/\/eldiariodesanpedro.com.ar\/sitio\/juegos-de-la-juventud-dante-cittadini-sera-el-abanderado-argentino-en-los-juegos-olimpicos-de-la-juventud-buenos-aires-2018\/foto-4-dante-baca\/'><img decoding=\"async\" width=\"640\" height=\"640\" data-src=\"https:\/\/eldiariodesanpedro.com.ar\/sitio\/wp-content\/uploads\/2018\/10\/foto-4-dante-baca.jpg\" class=\"attachment-large size-large lazyload\" alt=\"El Diario de San Pedro | Noticias locales y regionales\" data-srcset=\"https:\/\/eldiariodesanpedro.com.ar\/sitio\/wp-content\/uploads\/2018\/10\/foto-4-dante-baca.jpg 710w, https:\/\/eldiariodesanpedro.com.ar\/sitio\/wp-content\/uploads\/2018\/10\/foto-4-dante-baca-150x150.jpg 150w, https:\/\/eldiariodesanpedro.com.ar\/sitio\/wp-content\/uploads\/2018\/10\/foto-4-dante-baca-300x300.jpg 300w\" data-sizes=\"(max-width: 640px) 100vw, 640px\" data-attachment-id=\"41288\" data-permalink=\"https:\/\/eldiariodesanpedro.com.ar\/sitio\/juegos-de-la-juventud-dante-cittadini-sera-el-abanderado-argentino-en-los-juegos-olimpicos-de-la-juventud-buenos-aires-2018\/foto-4-dante-baca\/\" data-orig-file=\"https:\/\/eldiariodesanpedro.com.ar\/sitio\/wp-content\/uploads\/2018\/10\/foto-4-dante-baca.jpg\" data-orig-size=\"710,710\" data-comments-opened=\"1\" data-image-meta=\"{&quot;aperture&quot;:&quot;0&quot;,&quot;credit&quot;:&quot;&quot;,&quot;camera&quot;:&quot;&quot;,&quot;caption&quot;:&quot;&quot;,&quot;created_timestamp&quot;:&quot;0&quot;,&quot;copyright&quot;:&quot;&quot;,&quot;focal_length&quot;:&quot;0&quot;,&quot;iso&quot;:&quot;0&quot;,&quot;shutter_speed&quot;:&quot;0&quot;,&quot;title&quot;:&quot;&quot;,&quot;orientation&quot;:&quot;0&quot;}\" data-image-title=\"foto 4 dante baca\" data-image-description=\"\" data-image-caption=\"\" data-large-file=\"https:\/\/eldiariodesanpedro.com.ar\/sitio\/wp-content\/uploads\/2018\/10\/foto-4-dante-baca.jpg\" src=\"data:image\/svg+xml;base64,PHN2ZyB3aWR0aD0iMSIgaGVpZ2h0PSIxIiB4bWxucz0iaHR0cDovL3d3dy53My5vcmcvMjAwMC9zdmciPjwvc3ZnPg==\" style=\"--smush-placeholder-width: 640px; --smush-placeholder-aspect-ratio: 640\/640;\" \/><\/a>\n\t\t\t<\/div><\/figure><figure class='gallery-item'>\n\t\t\t<div class='gallery-icon landscape'>\n\t\t\t\t<a href='https:\/\/eldiariodesanpedro.com.ar\/sitio\/juegos-de-la-juventud-dante-cittadini-sera-el-abanderado-argentino-en-los-juegos-olimpicos-de-la-juventud-buenos-aires-2018\/dante-cittadini-abanderado-en-buenos-aires-20018\/'><img decoding=\"async\" width=\"640\" height=\"360\" data-src=\"https:\/\/eldiariodesanpedro.com.ar\/sitio\/wp-content\/uploads\/2018\/10\/Dante-Cittadini-abanderado-en-Buenos-Aires-20018.jpg\" class=\"attachment-large size-large lazyload\" alt=\"El Diario de San Pedro | Noticias locales y regionales\" data-srcset=\"https:\/\/eldiariodesanpedro.com.ar\/sitio\/wp-content\/uploads\/2018\/10\/Dante-Cittadini-abanderado-en-Buenos-Aires-20018.jpg 800w, https:\/\/eldiariodesanpedro.com.ar\/sitio\/wp-content\/uploads\/2018\/10\/Dante-Cittadini-abanderado-en-Buenos-Aires-20018-300x169.jpg 300w, https:\/\/eldiariodesanpedro.com.ar\/sitio\/wp-content\/uploads\/2018\/10\/Dante-Cittadini-abanderado-en-Buenos-Aires-20018-768x432.jpg 768w\" data-sizes=\"(max-width: 640px) 100vw, 640px\" data-attachment-id=\"41285\" data-permalink=\"https:\/\/eldiariodesanpedro.com.ar\/sitio\/juegos-de-la-juventud-dante-cittadini-sera-el-abanderado-argentino-en-los-juegos-olimpicos-de-la-juventud-buenos-aires-2018\/dante-cittadini-abanderado-en-buenos-aires-20018\/\" data-orig-file=\"https:\/\/eldiariodesanpedro.com.ar\/sitio\/wp-content\/uploads\/2018\/10\/Dante-Cittadini-abanderado-en-Buenos-Aires-20018.jpg\" data-orig-size=\"800,450\" data-comments-opened=\"1\" data-image-meta=\"{&quot;aperture&quot;:&quot;0&quot;,&quot;credit&quot;:&quot;Fernando Bettendorff&quot;,&quot;camera&quot;:&quot;&quot;,&quot;caption&quot;:&quot;&quot;,&quot;created_timestamp&quot;:&quot;1538600191&quot;,&quot;copyright&quot;:&quot;&quot;,&quot;focal_length&quot;:&quot;0&quot;,&quot;iso&quot;:&quot;0&quot;,&quot;shutter_speed&quot;:&quot;0&quot;,&quot;title&quot;:&quot;&quot;,&quot;orientation&quot;:&quot;0&quot;}\" data-image-title=\"Dante-Cittadini-abanderado-en-Buenos-Aires-20018\" data-image-description=\"\" data-image-caption=\"\" data-large-file=\"https:\/\/eldiariodesanpedro.com.ar\/sitio\/wp-content\/uploads\/2018\/10\/Dante-Cittadini-abanderado-en-Buenos-Aires-20018.jpg\" src=\"data:image\/svg+xml;base64,PHN2ZyB3aWR0aD0iMSIgaGVpZ2h0PSIxIiB4bWxucz0iaHR0cDovL3d3dy53My5vcmcvMjAwMC9zdmciPjwvc3ZnPg==\" style=\"--smush-placeholder-width: 640px; --smush-placeholder-aspect-ratio: 640\/360;\" \/><\/a>\n\t\t\t<\/div><\/figure><figure class='gallery-item'>\n\t\t\t<div class='gallery-icon landscape'>\n\t\t\t\t<a href='https:\/\/eldiariodesanpedro.com.ar\/sitio\/juegos-de-la-juventud-dante-cittadini-sera-el-abanderado-argentino-en-los-juegos-olimpicos-de-la-juventud-buenos-aires-2018\/foto-5-schargorodosky-alsogaray\/'><img decoding=\"async\" width=\"640\" height=\"545\" data-src=\"https:\/\/eldiariodesanpedro.com.ar\/sitio\/wp-content\/uploads\/2018\/10\/foto-5-schargorodosky-alsogaray.jpg\" class=\"attachment-large size-large lazyload\" alt=\"El Diario de San Pedro | Noticias locales y regionales\" data-srcset=\"https:\/\/eldiariodesanpedro.com.ar\/sitio\/wp-content\/uploads\/2018\/10\/foto-5-schargorodosky-alsogaray.jpg 960w, https:\/\/eldiariodesanpedro.com.ar\/sitio\/wp-content\/uploads\/2018\/10\/foto-5-schargorodosky-alsogaray-300x255.jpg 300w, https:\/\/eldiariodesanpedro.com.ar\/sitio\/wp-content\/uploads\/2018\/10\/foto-5-schargorodosky-alsogaray-768x654.jpg 768w\" data-sizes=\"(max-width: 640px) 100vw, 640px\" data-attachment-id=\"41289\" data-permalink=\"https:\/\/eldiariodesanpedro.com.ar\/sitio\/juegos-de-la-juventud-dante-cittadini-sera-el-abanderado-argentino-en-los-juegos-olimpicos-de-la-juventud-buenos-aires-2018\/foto-5-schargorodosky-alsogaray\/\" data-orig-file=\"https:\/\/eldiariodesanpedro.com.ar\/sitio\/wp-content\/uploads\/2018\/10\/foto-5-schargorodosky-alsogaray.jpg\" data-orig-size=\"960,817\" data-comments-opened=\"1\" data-image-meta=\"{&quot;aperture&quot;:&quot;0&quot;,&quot;credit&quot;:&quot;&quot;,&quot;camera&quot;:&quot;&quot;,&quot;caption&quot;:&quot;&quot;,&quot;created_timestamp&quot;:&quot;0&quot;,&quot;copyright&quot;:&quot;&quot;,&quot;focal_length&quot;:&quot;0&quot;,&quot;iso&quot;:&quot;0&quot;,&quot;shutter_speed&quot;:&quot;0&quot;,&quot;title&quot;:&quot;&quot;,&quot;orientation&quot;:&quot;0&quot;}\" data-image-title=\"foto 5 schargorodosky-alsogaray\" data-image-description=\"\" data-image-caption=\"\" data-large-file=\"https:\/\/eldiariodesanpedro.com.ar\/sitio\/wp-content\/uploads\/2018\/10\/foto-5-schargorodosky-alsogaray.jpg\" src=\"data:image\/svg+xml;base64,PHN2ZyB3aWR0aD0iMSIgaGVpZ2h0PSIxIiB4bWxucz0iaHR0cDovL3d3dy53My5vcmcvMjAwMC9zdmciPjwvc3ZnPg==\" style=\"--smush-placeholder-width: 640px; --smush-placeholder-aspect-ratio: 640\/545;\" \/><\/a>\n\t\t\t<\/div><\/figure><figure class='gallery-item'>\n\t\t\t<div class='gallery-icon landscape'>\n\t\t\t\t<a href='https:\/\/eldiariodesanpedro.com.ar\/sitio\/juegos-de-la-juventud-dante-cittadini-sera-el-abanderado-argentino-en-los-juegos-olimpicos-de-la-juventud-buenos-aires-2018\/foto-2-rebeca_destefano\/'><img decoding=\"async\" width=\"640\" height=\"480\" data-src=\"https:\/\/eldiariodesanpedro.com.ar\/sitio\/wp-content\/uploads\/2018\/10\/foto-2-rebeca_destefano-1024x768.jpg\" class=\"attachment-large size-large lazyload\" alt=\"El Diario de San Pedro | Noticias locales y regionales\" data-srcset=\"https:\/\/eldiariodesanpedro.com.ar\/sitio\/wp-content\/uploads\/2018\/10\/foto-2-rebeca_destefano.jpg 1024w, https:\/\/eldiariodesanpedro.com.ar\/sitio\/wp-content\/uploads\/2018\/10\/foto-2-rebeca_destefano-300x225.jpg 300w, https:\/\/eldiariodesanpedro.com.ar\/sitio\/wp-content\/uploads\/2018\/10\/foto-2-rebeca_destefano-768x576.jpg 768w\" data-sizes=\"(max-width: 640px) 100vw, 640px\" data-attachment-id=\"41286\" data-permalink=\"https:\/\/eldiariodesanpedro.com.ar\/sitio\/juegos-de-la-juventud-dante-cittadini-sera-el-abanderado-argentino-en-los-juegos-olimpicos-de-la-juventud-buenos-aires-2018\/foto-2-rebeca_destefano\/\" data-orig-file=\"https:\/\/eldiariodesanpedro.com.ar\/sitio\/wp-content\/uploads\/2018\/10\/foto-2-rebeca_destefano.jpg\" data-orig-size=\"1024,768\" data-comments-opened=\"1\" data-image-meta=\"{&quot;aperture&quot;:&quot;0&quot;,&quot;credit&quot;:&quot;&quot;,&quot;camera&quot;:&quot;&quot;,&quot;caption&quot;:&quot;&quot;,&quot;created_timestamp&quot;:&quot;0&quot;,&quot;copyright&quot;:&quot;&quot;,&quot;focal_length&quot;:&quot;0&quot;,&quot;iso&quot;:&quot;0&quot;,&quot;shutter_speed&quot;:&quot;0&quot;,&quot;title&quot;:&quot;&quot;,&quot;orientation&quot;:&quot;0&quot;}\" data-image-title=\"foto 2 rebeca_destefano\" data-image-description=\"\" data-image-caption=\"\" data-large-file=\"https:\/\/eldiariodesanpedro.com.ar\/sitio\/wp-content\/uploads\/2018\/10\/foto-2-rebeca_destefano-1024x768.jpg\" src=\"data:image\/svg+xml;base64,PHN2ZyB3aWR0aD0iMSIgaGVpZ2h0PSIxIiB4bWxucz0iaHR0cDovL3d3dy53My5vcmcvMjAwMC9zdmciPjwvc3ZnPg==\" style=\"--smush-placeholder-width: 640px; --smush-placeholder-aspect-ratio: 640\/480;\" \/><\/a>\n\t\t\t<\/div><\/figure>\n\t\t<\/div>\n\n","protected":false},"excerpt":{"rendered":"<p>El campe\u00f3n mundial juvenil de Nacra 15 portar\u00e1 nuestra ense\u00f1a patria en la inauguraci\u00f3n del evento el 6 de octubre. Los 141 integrantes de la delegaci\u00f3n local, la m\u00e1s numerosa de las 206 que participar\u00e1n de Buenos Aires 2018, ingres\u00f3 a la Villa Ol\u00edmpica de la Juventud, su hogar hasta el 18 de octubre. A [&hellip;]<\/p>\n","protected":false},"author":4,"featured_media":41285,"comment_status":"open","ping_status":"closed","sticky":false,"template":"","format":"standard","meta":{"om_disable_all_campaigns":false,"_jetpack_memberships_contains_paid_content":false,"footnotes":""},"categories":[5],"tags":[],"class_list":["post-41279","post","type-post","status-publish","format-standard","has-post-thumbnail","hentry","category-deportes"],"aioseo_notices":[],"gutentor_comment":0,"jetpack_featured_media_url":"https:\/\/eldiariodesanpedro.com.ar\/sitio\/wp-content\/uploads\/2018\/10\/Dante-Cittadini-abanderado-en-Buenos-Aires-20018.jpg","jetpack_shortlink":"https:\/\/wp.me\/p6RhLt-aJN","jetpack_sharing_enabled":true,"_links":{"self":[{"href":"https:\/\/eldiariodesanpedro.com.ar\/sitio\/wp-json\/wp\/v2\/posts\/41279","targetHints":{"allow":["GET"]}}],"collection":[{"href":"https:\/\/eldiariodesanpedro.com.ar\/sitio\/wp-json\/wp\/v2\/posts"}],"about":[{"href":"https:\/\/eldiariodesanpedro.com.ar\/sitio\/wp-json\/wp\/v2\/types\/post"}],"author":[{"embeddable":true,"href":"https:\/\/eldiariodesanpedro.com.ar\/sitio\/wp-json\/wp\/v2\/users\/4"}],"replies":[{"embeddable":true,"href":"https:\/\/eldiariodesanpedro.com.ar\/sitio\/wp-json\/wp\/v2\/comments?post=41279"}],"version-history":[{"count":1,"href":"https:\/\/eldiariodesanpedro.com.ar\/sitio\/wp-json\/wp\/v2\/posts\/41279\/revisions"}],"predecessor-version":[{"id":41291,"href":"https:\/\/eldiariodesanpedro.com.ar\/sitio\/wp-json\/wp\/v2\/posts\/41279\/revisions\/41291"}],"wp:featuredmedia":[{"embeddable":true,"href":"https:\/\/eldiariodesanpedro.com.ar\/sitio\/wp-json\/wp\/v2\/media\/41285"}],"wp:attachment":[{"href":"https:\/\/eldiariodesanpedro.com.ar\/sitio\/wp-json\/wp\/v2\/media?parent=41279"}],"wp:term":[{"taxonomy":"category","embeddable":true,"href":"https:\/\/eldiariodesanpedro.com.ar\/sitio\/wp-json\/wp\/v2\/categories?post=41279"},{"taxonomy":"post_tag","embeddable":true,"href":"https:\/\/eldiariodesanpedro.com.ar\/sitio\/wp-json\/wp\/v2\/tags?post=41279"}],"curies":[{"name":"wp","href":"https:\/\/api.w.org\/{rel}","templated":true}]}}