{"id":41275,"date":"2018-10-03T20:54:09","date_gmt":"2018-10-03T23:54:09","guid":{"rendered":"https:\/\/eldiariodesanpedro.com.ar\/sitio\/?p=41275"},"modified":"2018-10-03T20:54:09","modified_gmt":"2018-10-03T23:54:09","slug":"baradero-accidente-fatal-en-ruta-9-un-muerto-en-el-km-143","status":"publish","type":"post","link":"https:\/\/eldiariodesanpedro.com.ar\/sitio\/baradero-accidente-fatal-en-ruta-9-un-muerto-en-el-km-143\/","title":{"rendered":"BARADERO: Accidente fatal en Ruta 9: un muerto en el km 143"},"content":{"rendered":"<p><!-- VideographyWP Plugin Message: Automatic video embedding prevented by plugin options. --><br \/>\nFue esta madrugada sobre el carril Buenos Aires \u2013 Rosario. Dos camiones colisionaron por alcance.<\/p>\n<p>  Producto del impacto el ch\u00f3fer de una de las unidades muri\u00f3. Uno de los veh\u00edculos sufri\u00f3 un principio de incendio y fue controlado por personal de autopista. Bomberos realiz\u00f3 las tareas en el lugar.<br \/>\n  A trav\u00e9s de Tu Radio el oficial Gabriel Fontanari relat\u00f3 esta ma\u00f1ana que \u201crecibieron un llamado sobre el incendio de un cami\u00f3n. Al dirigirse al lugar personal de autopista hab\u00eda controlado la situaci\u00f3n\u201d.<br \/>\n  En el lugar se encontraban los dos transportes de carga. Personal del SAME constat\u00f3 el fallecimiento de un hombre quien era el conductor de uno de los camiones.<br \/>\n  No hubo corte de ruta y Bomberos realiz\u00f3 los trabajos necesarios en el lugar.<\/p>\n<p>Fuente: Tu L\u00ednea Directa.com<\/p>\n","protected":false},"excerpt":{"rendered":"<p>Fue esta madrugada sobre el carril Buenos Aires \u2013 Rosario. Dos camiones colisionaron por alcance. Producto del impacto el ch\u00f3fer de una de las unidades muri\u00f3. Uno de los veh\u00edculos sufri\u00f3 un principio de incendio y fue controlado por personal de autopista. Bomberos realiz\u00f3 las tareas en el lugar. A trav\u00e9s de Tu Radio el [&hellip;]<\/p>\n","protected":false},"author":4,"featured_media":41278,"comment_status":"open","ping_status":"closed","sticky":false,"template":"","format":"standard","meta":{"om_disable_all_campaigns":false,"_jetpack_memberships_contains_paid_content":false,"footnotes":""},"categories":[621],"tags":[],"class_list":["post-41275","post","type-post","status-publish","format-standard","has-post-thumbnail","hentry","category-regionales"],"aioseo_notices":[],"gutentor_comment":0,"jetpack_featured_media_url":"https:\/\/eldiariodesanpedro.com.ar\/sitio\/wp-content\/uploads\/2018\/10\/PAGINA-7.jpg","jetpack_shortlink":"https:\/\/wp.me\/p6RhLt-aJJ","jetpack_sharing_enabled":true,"_links":{"self":[{"href":"https:\/\/eldiariodesanpedro.com.ar\/sitio\/wp-json\/wp\/v2\/posts\/41275","targetHints":{"allow":["GET"]}}],"collection":[{"href":"https:\/\/eldiariodesanpedro.com.ar\/sitio\/wp-json\/wp\/v2\/posts"}],"about":[{"href":"https:\/\/eldiariodesanpedro.com.ar\/sitio\/wp-json\/wp\/v2\/types\/post"}],"author":[{"embeddable":true,"href":"https:\/\/eldiariodesanpedro.com.ar\/sitio\/wp-json\/wp\/v2\/users\/4"}],"replies":[{"embeddable":true,"href":"https:\/\/eldiariodesanpedro.com.ar\/sitio\/wp-json\/wp\/v2\/comments?post=41275"}],"version-history":[{"count":1,"href":"https:\/\/eldiariodesanpedro.com.ar\/sitio\/wp-json\/wp\/v2\/posts\/41275\/revisions"}],"predecessor-version":[{"id":41280,"href":"https:\/\/eldiariodesanpedro.com.ar\/sitio\/wp-json\/wp\/v2\/posts\/41275\/revisions\/41280"}],"wp:featuredmedia":[{"embeddable":true,"href":"https:\/\/eldiariodesanpedro.com.ar\/sitio\/wp-json\/wp\/v2\/media\/41278"}],"wp:attachment":[{"href":"https:\/\/eldiariodesanpedro.com.ar\/sitio\/wp-json\/wp\/v2\/media?parent=41275"}],"wp:term":[{"taxonomy":"category","embeddable":true,"href":"https:\/\/eldiariodesanpedro.com.ar\/sitio\/wp-json\/wp\/v2\/categories?post=41275"},{"taxonomy":"post_tag","embeddable":true,"href":"https:\/\/eldiariodesanpedro.com.ar\/sitio\/wp-json\/wp\/v2\/tags?post=41275"}],"curies":[{"name":"wp","href":"https:\/\/api.w.org\/{rel}","templated":true}]}}