{"id":41273,"date":"2018-10-03T20:53:18","date_gmt":"2018-10-03T23:53:18","guid":{"rendered":"https:\/\/eldiariodesanpedro.com.ar\/sitio\/?p=41273"},"modified":"2018-10-03T20:53:18","modified_gmt":"2018-10-03T23:53:18","slug":"baradero-robaron-en-una-vivienda-en-una-camioneta-se-llevaban-lo-sustraido","status":"publish","type":"post","link":"https:\/\/eldiariodesanpedro.com.ar\/sitio\/baradero-robaron-en-una-vivienda-en-una-camioneta-se-llevaban-lo-sustraido\/","title":{"rendered":"BARADERO: Robaron en una vivienda, en una camioneta se llevaban lo sustra\u00eddo"},"content":{"rendered":"<p><!-- VideographyWP Plugin Message: Automatic video embedding prevented by plugin options. --><br \/>\nSeg\u00fan relataron a este medio fuentes oficiales, el propietario del rodado dijo haber comprado todo de buena fe. El hecho ocurri\u00f3 en Anastas\u00ed y O`Roarque. Los vecinos se\u00f1alan que el autor del robo ser\u00eda otro vecino acompa\u00f1ado por un familiar que sufre de un problema de demencia. \u201cHab\u00edan dejado todo escondido en un campo al lado de la casa y la Polic\u00eda Cient\u00edfica nunca se dio cuenta\u201d, relat\u00f3 a Tu Radio una vecina.<\/p>\n<p>  La mujer cuestion\u00f3 la tardanza y el accionar del personal de Polic\u00eda Comunal. \u201cTardaron media hora en llegar y cuando se bajan del m\u00f3vil le dicen al vecino que llam\u00f3 `si sab\u00edamos que eras vos, ven\u00edamos m\u00e1s r\u00e1pido\u201d, denunci\u00f3.<br \/>\n  Esta ma\u00f1ana la vecina de Anastas\u00ed y O`Roarque cont\u00f3 lo sucedido anoche cuando recuperaron los elementos que hab\u00edan robado el d\u00eda anterior de una propiedad. Los delincuentes lo dejaron escondido en un terreno lindero.<br \/>\n  Antes de anoche fue el robo de la casa. Ayer a la tarde fue polic\u00eda cient\u00edfica a tomar huellas, y no se dieron cuenta que las cosas robadas estaban tiradas en el campito de al lado\u201d, expres\u00f3 Mar\u00eda en di\u00e1logo con Tu Radio.<br \/>\n  La mujer es vecina del lugar donde ocurri\u00f3 el hecho. Y agreg\u00f3: \u201cvino un hombre en una camioneta en horas de la noche. Uno de los vecinos alcanz\u00f3 a ver como cargaban todo. Y al reconocer la camioneta, al due\u00f1o y a las otras dos personas; intenta que se detengan. Dos se fueron en la camioneta y uno no alcanz\u00f3 a subirse. Se llama a la Polic\u00eda, que lleg\u00f3 media hora despu\u00e9s. A los cinco minutos cay\u00f3 el due\u00f1o de la camioneta que cargaba algunas de las cosas robada a devolverlas diciendo que \u00e9l compr\u00f3 las cosas de buena fe\u201d.<br \/>\n  \u201cEl muchacho, bastante mano larga, se aprovecha de su padre que sufre un problema de salud y lo usa para estas cosas\u201d, sentenci\u00f3 la vecina.<\/p>\n<p>Fuente: Tu L\u00ednea Directa<\/p>\n","protected":false},"excerpt":{"rendered":"<p>Seg\u00fan relataron a este medio fuentes oficiales, el propietario del rodado dijo haber comprado todo de buena fe. El hecho ocurri\u00f3 en Anastas\u00ed y O`Roarque. Los vecinos se\u00f1alan que el autor del robo ser\u00eda otro vecino acompa\u00f1ado por un familiar que sufre de un problema de demencia. \u201cHab\u00edan dejado todo escondido en un campo al [&hellip;]<\/p>\n","protected":false},"author":4,"featured_media":41276,"comment_status":"open","ping_status":"closed","sticky":false,"template":"","format":"standard","meta":{"om_disable_all_campaigns":false,"_jetpack_memberships_contains_paid_content":false,"footnotes":""},"categories":[621],"tags":[],"class_list":["post-41273","post","type-post","status-publish","format-standard","has-post-thumbnail","hentry","category-regionales"],"aioseo_notices":[],"gutentor_comment":0,"jetpack_featured_media_url":"https:\/\/eldiariodesanpedro.com.ar\/sitio\/wp-content\/uploads\/2018\/10\/M\u00f3vil-policial.jpg","jetpack_shortlink":"https:\/\/wp.me\/p6RhLt-aJH","jetpack_sharing_enabled":true,"_links":{"self":[{"href":"https:\/\/eldiariodesanpedro.com.ar\/sitio\/wp-json\/wp\/v2\/posts\/41273","targetHints":{"allow":["GET"]}}],"collection":[{"href":"https:\/\/eldiariodesanpedro.com.ar\/sitio\/wp-json\/wp\/v2\/posts"}],"about":[{"href":"https:\/\/eldiariodesanpedro.com.ar\/sitio\/wp-json\/wp\/v2\/types\/post"}],"author":[{"embeddable":true,"href":"https:\/\/eldiariodesanpedro.com.ar\/sitio\/wp-json\/wp\/v2\/users\/4"}],"replies":[{"embeddable":true,"href":"https:\/\/eldiariodesanpedro.com.ar\/sitio\/wp-json\/wp\/v2\/comments?post=41273"}],"version-history":[{"count":1,"href":"https:\/\/eldiariodesanpedro.com.ar\/sitio\/wp-json\/wp\/v2\/posts\/41273\/revisions"}],"predecessor-version":[{"id":41277,"href":"https:\/\/eldiariodesanpedro.com.ar\/sitio\/wp-json\/wp\/v2\/posts\/41273\/revisions\/41277"}],"wp:featuredmedia":[{"embeddable":true,"href":"https:\/\/eldiariodesanpedro.com.ar\/sitio\/wp-json\/wp\/v2\/media\/41276"}],"wp:attachment":[{"href":"https:\/\/eldiariodesanpedro.com.ar\/sitio\/wp-json\/wp\/v2\/media?parent=41273"}],"wp:term":[{"taxonomy":"category","embeddable":true,"href":"https:\/\/eldiariodesanpedro.com.ar\/sitio\/wp-json\/wp\/v2\/categories?post=41273"},{"taxonomy":"post_tag","embeddable":true,"href":"https:\/\/eldiariodesanpedro.com.ar\/sitio\/wp-json\/wp\/v2\/tags?post=41273"}],"curies":[{"name":"wp","href":"https:\/\/api.w.org\/{rel}","templated":true}]}}