{"id":41269,"date":"2018-10-03T20:51:48","date_gmt":"2018-10-03T23:51:48","guid":{"rendered":"https:\/\/eldiariodesanpedro.com.ar\/sitio\/?p=41269"},"modified":"2018-10-03T20:51:48","modified_gmt":"2018-10-03T23:51:48","slug":"san-nicolas-un-auto-impacto-contra-una-columna","status":"publish","type":"post","link":"https:\/\/eldiariodesanpedro.com.ar\/sitio\/san-nicolas-un-auto-impacto-contra-una-columna\/","title":{"rendered":"SAN NICOL\u00c1S: Un auto impact\u00f3 contra una columna"},"content":{"rendered":"<p><!-- VideographyWP Plugin Message: Automatic video embedding prevented by plugin options. --><br \/>\n  Fue en la madrugada del lunes, cuando por causas que se deben esclarecer, un auto Fiat Palio rojo colision\u00f3 contra un poste ubicado en la intersecci\u00f3n de Savio y Argerich.<br \/>\n  Dentro del veh\u00edculo iban cuatro menores de edad que afortunadamente no sufrieron lesiones de consideraci\u00f3n. Por lo que se pudo saber, aparentemente una de las ruedas se hab\u00eda salido y el conductor perdi\u00f3 el control del auto, volcando y terminando la carrera incrustados contra el poste. Al ver la imagen de c\u00f3mo qued\u00f3 el auto realmente fue un milagro que no haya habido heridos de consideraci\u00f3n.<\/p>\n","protected":false},"excerpt":{"rendered":"<p>Fue en la madrugada del lunes, cuando por causas que se deben esclarecer, un auto Fiat Palio rojo colision\u00f3 contra un poste ubicado en la intersecci\u00f3n de Savio y Argerich. Dentro del veh\u00edculo iban cuatro menores de edad que afortunadamente no sufrieron lesiones de consideraci\u00f3n. Por lo que se pudo saber, aparentemente una de las [&hellip;]<\/p>\n","protected":false},"author":4,"featured_media":41272,"comment_status":"open","ping_status":"closed","sticky":false,"template":"","format":"standard","meta":{"om_disable_all_campaigns":false,"_jetpack_memberships_contains_paid_content":false,"footnotes":""},"categories":[621],"tags":[],"class_list":["post-41269","post","type-post","status-publish","format-standard","has-post-thumbnail","hentry","category-regionales"],"aioseo_notices":[],"gutentor_comment":0,"jetpack_featured_media_url":"https:\/\/eldiariodesanpedro.com.ar\/sitio\/wp-content\/uploads\/2018\/10\/PAGINA-6.jpg","jetpack_shortlink":"https:\/\/wp.me\/p6RhLt-aJD","jetpack_sharing_enabled":true,"_links":{"self":[{"href":"https:\/\/eldiariodesanpedro.com.ar\/sitio\/wp-json\/wp\/v2\/posts\/41269","targetHints":{"allow":["GET"]}}],"collection":[{"href":"https:\/\/eldiariodesanpedro.com.ar\/sitio\/wp-json\/wp\/v2\/posts"}],"about":[{"href":"https:\/\/eldiariodesanpedro.com.ar\/sitio\/wp-json\/wp\/v2\/types\/post"}],"author":[{"embeddable":true,"href":"https:\/\/eldiariodesanpedro.com.ar\/sitio\/wp-json\/wp\/v2\/users\/4"}],"replies":[{"embeddable":true,"href":"https:\/\/eldiariodesanpedro.com.ar\/sitio\/wp-json\/wp\/v2\/comments?post=41269"}],"version-history":[{"count":1,"href":"https:\/\/eldiariodesanpedro.com.ar\/sitio\/wp-json\/wp\/v2\/posts\/41269\/revisions"}],"predecessor-version":[{"id":41274,"href":"https:\/\/eldiariodesanpedro.com.ar\/sitio\/wp-json\/wp\/v2\/posts\/41269\/revisions\/41274"}],"wp:featuredmedia":[{"embeddable":true,"href":"https:\/\/eldiariodesanpedro.com.ar\/sitio\/wp-json\/wp\/v2\/media\/41272"}],"wp:attachment":[{"href":"https:\/\/eldiariodesanpedro.com.ar\/sitio\/wp-json\/wp\/v2\/media?parent=41269"}],"wp:term":[{"taxonomy":"category","embeddable":true,"href":"https:\/\/eldiariodesanpedro.com.ar\/sitio\/wp-json\/wp\/v2\/categories?post=41269"},{"taxonomy":"post_tag","embeddable":true,"href":"https:\/\/eldiariodesanpedro.com.ar\/sitio\/wp-json\/wp\/v2\/tags?post=41269"}],"curies":[{"name":"wp","href":"https:\/\/api.w.org\/{rel}","templated":true}]}}