{"id":41267,"date":"2018-10-03T20:42:28","date_gmt":"2018-10-03T23:42:28","guid":{"rendered":"https:\/\/eldiariodesanpedro.com.ar\/sitio\/?p=41267"},"modified":"2018-10-03T20:42:28","modified_gmt":"2018-10-03T23:42:28","slug":"este-viernes-campana-de-vacunacion-triple-viral-en-el-cic","status":"publish","type":"post","link":"https:\/\/eldiariodesanpedro.com.ar\/sitio\/este-viernes-campana-de-vacunacion-triple-viral-en-el-cic\/","title":{"rendered":"ESTE VIERNES: Campa\u00f1a de vacunaci\u00f3n triple viral en el CIC"},"content":{"rendered":"<p><!-- VideographyWP Plugin Message: Automatic video embedding prevented by plugin options. --><br \/>\n  La Secretar\u00eda de Salud informa que este viernes 5 de octubre de 10 a 12 hs aplicar\u00e1 la dosis de la vacuna Triple Viral en los barrios que rodean el Centro Integrador Complementario.<br \/>\n  El recorrido comenzar\u00e1 por la calle Casella, con direcci\u00f3n a Mateo Sbert, volviendo por Brenan hasta Hermano Indio.<br \/>\n  La campa\u00f1a continuar\u00e1 durante los meses de octubre y noviembre en distintos sectores de la ciudad de San Pedro y las localidades. A diario, efectores de salud visitar\u00e1n los Jardines de Infantes.<br \/>\n  La vacuna protege contra el sarampi\u00f3n, paperas y rubeola. Deben recibirla los ni\u00f1os de 13 meses a 4 a\u00f1os, 11 meses y 29 d\u00edas.<\/p>\n","protected":false},"excerpt":{"rendered":"<p>La Secretar\u00eda de Salud informa que este viernes 5 de octubre de 10 a 12 hs aplicar\u00e1 la dosis de la vacuna Triple Viral en los barrios que rodean el Centro Integrador Complementario. El recorrido comenzar\u00e1 por la calle Casella, con direcci\u00f3n a Mateo Sbert, volviendo por Brenan hasta Hermano Indio. La campa\u00f1a continuar\u00e1 durante [&hellip;]<\/p>\n","protected":false},"author":4,"featured_media":0,"comment_status":"open","ping_status":"closed","sticky":false,"template":"","format":"standard","meta":{"om_disable_all_campaigns":false,"_jetpack_memberships_contains_paid_content":false,"footnotes":""},"categories":[101,2],"tags":[],"class_list":["post-41267","post","type-post","status-publish","format-standard","hentry","category-interes-general-locales","category-locales"],"aioseo_notices":[],"gutentor_comment":0,"jetpack_featured_media_url":"","jetpack_shortlink":"https:\/\/wp.me\/p6RhLt-aJB","jetpack_sharing_enabled":true,"_links":{"self":[{"href":"https:\/\/eldiariodesanpedro.com.ar\/sitio\/wp-json\/wp\/v2\/posts\/41267","targetHints":{"allow":["GET"]}}],"collection":[{"href":"https:\/\/eldiariodesanpedro.com.ar\/sitio\/wp-json\/wp\/v2\/posts"}],"about":[{"href":"https:\/\/eldiariodesanpedro.com.ar\/sitio\/wp-json\/wp\/v2\/types\/post"}],"author":[{"embeddable":true,"href":"https:\/\/eldiariodesanpedro.com.ar\/sitio\/wp-json\/wp\/v2\/users\/4"}],"replies":[{"embeddable":true,"href":"https:\/\/eldiariodesanpedro.com.ar\/sitio\/wp-json\/wp\/v2\/comments?post=41267"}],"version-history":[{"count":1,"href":"https:\/\/eldiariodesanpedro.com.ar\/sitio\/wp-json\/wp\/v2\/posts\/41267\/revisions"}],"predecessor-version":[{"id":41268,"href":"https:\/\/eldiariodesanpedro.com.ar\/sitio\/wp-json\/wp\/v2\/posts\/41267\/revisions\/41268"}],"wp:attachment":[{"href":"https:\/\/eldiariodesanpedro.com.ar\/sitio\/wp-json\/wp\/v2\/media?parent=41267"}],"wp:term":[{"taxonomy":"category","embeddable":true,"href":"https:\/\/eldiariodesanpedro.com.ar\/sitio\/wp-json\/wp\/v2\/categories?post=41267"},{"taxonomy":"post_tag","embeddable":true,"href":"https:\/\/eldiariodesanpedro.com.ar\/sitio\/wp-json\/wp\/v2\/tags?post=41267"}],"curies":[{"name":"wp","href":"https:\/\/api.w.org\/{rel}","templated":true}]}}