{"id":41265,"date":"2018-10-03T20:49:16","date_gmt":"2018-10-03T23:49:16","guid":{"rendered":"https:\/\/eldiariodesanpedro.com.ar\/sitio\/?p=41265"},"modified":"2018-10-03T20:49:16","modified_gmt":"2018-10-03T23:49:16","slug":"baradero-tras-la-decision-de-la-justicia-nicolas-moreira-reemplazo-a-carossi-en-el-concejo","status":"publish","type":"post","link":"https:\/\/eldiariodesanpedro.com.ar\/sitio\/baradero-tras-la-decision-de-la-justicia-nicolas-moreira-reemplazo-a-carossi-en-el-concejo\/","title":{"rendered":"BARADERO: Tras la decisi\u00f3n de la justicia, Nicol\u00e1s Moreira reemplaz\u00f3 a Carossi en el Concejo"},"content":{"rendered":"<p><!-- VideographyWP Plugin Message: Automatic video embedding prevented by plugin options. --><br \/>\nLuego de la notificaci\u00f3n judicial y tal como lo hab\u00edan expresado en conferencia de prensa, en el Concejo Deliberante el FPV complet\u00f3 sus bancas con la asunci\u00f3n de Nicol\u00e1s Moreira mientras se resuelve definitivamente la situaci\u00f3n del ex intendente Aldo Carossi.<\/p>\n<p>  Fue nuevamente el Dr. Gabriel Descalzo quien hizo uso de la palabra. Volvi\u00f3 a remarcar que \u201cla medida de la justicia es injusta y anti jur\u00eddica\u201d. Y agreg\u00f3: \u201cdecidimos acatar la resoluci\u00f3n. Nos parece errada pero tenemos de nuestro lado el cumplimiento de nuestros principios acerca de lo que es la defensa del sistema republicano\u201d.<br \/>\n  Por su parte la concejal Leticia Houriet del FPV expres\u00f3: \u201cel que ha decidido no es el concejo sino quien ha decidido es la justicia. No le estamos haciendo un favor a nadie sino acatando una decisi\u00f3n de la justicia\u201d.<br \/>\n  En el mismo orden habl\u00f3 Guillermo Oliveri: \u201cno pongo en duda los valores democr\u00e1ticos y no dudo de las palabras del presidente del bloque cambiemos si del Gobierno nacional. En la carta documento del Concejal Carossi estaba solicitada la licencia que el bloque Cambiemos se neg\u00f3 a tratar entonces entendemos que hoy si se hizo justicia\u201d.<br \/>\n  Desde la banca del Frente Renovador Juan Domingo Morales sentenci\u00f3: \u201ces bueno que Cambiemos all\u00e1 aceptado, pero no es una decisi\u00f3n del bloque sino de la justicia. Les guste o no les guste a los concejales de Cambiemos\u201d.<br \/>\n  Por \u00faltimo, volvieron a cerrar con sus expresiones los concejales Descalzo y Cardenas.<br \/>\n\u201cNo cambiamos nunca nuestro parecer de que esto es una cuesti\u00f3n pol\u00edtica. Creemos que lo que hicimos lo hicimos bien\u201d, relat\u00f3 el presidente del bloque oficial.<br \/>\n\u201cTenemos cinco d\u00edas h\u00e1biles para que el concejo emita la opini\u00f3n correspondiente y se pueda dirimir. Es una medida de car\u00e1cter transitorio\u201d, puntualiz\u00f3 el presidente del concejo Mart\u00edn Cardenas.<br \/>\n  Finalmente se invit\u00f3 a Nicol\u00e1s Moreira a asumir la banca. El concejal Aldo Carossi se mantuvo dentro del recinto y finalizado ese momento se retir\u00f3.<\/p>\n<p>Fuente: Tu L\u00ednea Directa<\/p>\n","protected":false},"excerpt":{"rendered":"<p>Luego de la notificaci\u00f3n judicial y tal como lo hab\u00edan expresado en conferencia de prensa, en el Concejo Deliberante el FPV complet\u00f3 sus bancas con la asunci\u00f3n de Nicol\u00e1s Moreira mientras se resuelve definitivamente la situaci\u00f3n del ex intendente Aldo Carossi. Fue nuevamente el Dr. Gabriel Descalzo quien hizo uso de la palabra. Volvi\u00f3 a [&hellip;]<\/p>\n","protected":false},"author":4,"featured_media":41270,"comment_status":"open","ping_status":"closed","sticky":false,"template":"","format":"standard","meta":{"om_disable_all_campaigns":false,"_jetpack_memberships_contains_paid_content":false,"footnotes":""},"categories":[621],"tags":[],"class_list":["post-41265","post","type-post","status-publish","format-standard","has-post-thumbnail","hentry","category-regionales"],"aioseo_notices":[],"gutentor_comment":0,"jetpack_featured_media_url":"https:\/\/eldiariodesanpedro.com.ar\/sitio\/wp-content\/uploads\/2018\/10\/baradero-Nicol\u00e1s-Moreira-reemplaz\u00f3-a-Carossi-en-el-Concejo.jpeg","jetpack_shortlink":"https:\/\/wp.me\/p6RhLt-aJz","jetpack_sharing_enabled":true,"_links":{"self":[{"href":"https:\/\/eldiariodesanpedro.com.ar\/sitio\/wp-json\/wp\/v2\/posts\/41265","targetHints":{"allow":["GET"]}}],"collection":[{"href":"https:\/\/eldiariodesanpedro.com.ar\/sitio\/wp-json\/wp\/v2\/posts"}],"about":[{"href":"https:\/\/eldiariodesanpedro.com.ar\/sitio\/wp-json\/wp\/v2\/types\/post"}],"author":[{"embeddable":true,"href":"https:\/\/eldiariodesanpedro.com.ar\/sitio\/wp-json\/wp\/v2\/users\/4"}],"replies":[{"embeddable":true,"href":"https:\/\/eldiariodesanpedro.com.ar\/sitio\/wp-json\/wp\/v2\/comments?post=41265"}],"version-history":[{"count":1,"href":"https:\/\/eldiariodesanpedro.com.ar\/sitio\/wp-json\/wp\/v2\/posts\/41265\/revisions"}],"predecessor-version":[{"id":41271,"href":"https:\/\/eldiariodesanpedro.com.ar\/sitio\/wp-json\/wp\/v2\/posts\/41265\/revisions\/41271"}],"wp:featuredmedia":[{"embeddable":true,"href":"https:\/\/eldiariodesanpedro.com.ar\/sitio\/wp-json\/wp\/v2\/media\/41270"}],"wp:attachment":[{"href":"https:\/\/eldiariodesanpedro.com.ar\/sitio\/wp-json\/wp\/v2\/media?parent=41265"}],"wp:term":[{"taxonomy":"category","embeddable":true,"href":"https:\/\/eldiariodesanpedro.com.ar\/sitio\/wp-json\/wp\/v2\/categories?post=41265"},{"taxonomy":"post_tag","embeddable":true,"href":"https:\/\/eldiariodesanpedro.com.ar\/sitio\/wp-json\/wp\/v2\/tags?post=41265"}],"curies":[{"name":"wp","href":"https:\/\/api.w.org\/{rel}","templated":true}]}}