{"id":41260,"date":"2018-10-03T20:30:51","date_gmt":"2018-10-03T23:30:51","guid":{"rendered":"https:\/\/eldiariodesanpedro.com.ar\/sitio\/?p=41260"},"modified":"2018-10-03T20:30:51","modified_gmt":"2018-10-03T23:30:51","slug":"uatre-en-la-19a-reunion-regional-americana-de-la-oit","status":"publish","type":"post","link":"https:\/\/eldiariodesanpedro.com.ar\/sitio\/uatre-en-la-19a-reunion-regional-americana-de-la-oit\/","title":{"rendered":"UATRE en la 19\u00aa Reuni\u00f3n Regional Americana de la OIT"},"content":{"rendered":"<p><!-- VideographyWP Plugin Message: Automatic video embedding prevented by plugin options. --><br \/>\nLa Uni\u00f3n Argentina de Trabajadores Rurales y Estibadores (UATRE) participa de la 19\u00aa Reuni\u00f3n Regional entre sindicatos, empleadores y gobiernos latinoamericanos, convocada por la Organizaci\u00f3n Internacional del Trabajo (OIT). Alberto Barra, secretario de Actas, Prensa y Propaganda, y Pedro Peger, prosecretario de Finanzas, asistieron en representaci\u00f3n de UATRE.<\/p>\n<p>  \u201cEs muy importante para nosotros estar en esta reuni\u00f3n, representando a los trabajadores rurales de la Argentina. Vamos a poder contarle a toda Am\u00e9rica la situaci\u00f3n que atraviesa el campo argentino desde el punto de vista del sector gremial. Adem\u00e1s, vamos a poder interiorizarnos y aprender sobre la situaci\u00f3n en los dem\u00e1s pa\u00edses y conocer los desaf\u00edos que enfrentan\u201d afirm\u00f3 Alberto Barra en la apertura del encuentro.<br \/>\n  Cabe destacar que el encuentro, con m\u00e1s de 400 representantes de 35 pa\u00edses, tiene como lema central: \u201cPreparando el futuro del trabajo que queremos en las Am\u00e9ricas a trav\u00e9s del di\u00e1logo social\u201d y culmina el pr\u00f3ximo 5 de octubre.  <\/p>\n","protected":false},"excerpt":{"rendered":"<p>La Uni\u00f3n Argentina de Trabajadores Rurales y Estibadores (UATRE) participa de la 19\u00aa Reuni\u00f3n Regional entre sindicatos, empleadores y gobiernos latinoamericanos, convocada por la Organizaci\u00f3n Internacional del Trabajo (OIT). Alberto Barra, secretario de Actas, Prensa y Propaganda, y Pedro Peger, prosecretario de Finanzas, asistieron en representaci\u00f3n de UATRE. \u201cEs muy importante para nosotros estar en [&hellip;]<\/p>\n","protected":false},"author":4,"featured_media":41262,"comment_status":"open","ping_status":"closed","sticky":false,"template":"","format":"standard","meta":{"om_disable_all_campaigns":false,"_jetpack_memberships_contains_paid_content":false,"footnotes":""},"categories":[2,102],"tags":[],"class_list":["post-41260","post","type-post","status-publish","format-standard","has-post-thumbnail","hentry","category-locales","category-politica-locales"],"aioseo_notices":[],"gutentor_comment":0,"jetpack_featured_media_url":"https:\/\/eldiariodesanpedro.com.ar\/sitio\/wp-content\/uploads\/2018\/10\/logo-uatre.jpg","jetpack_shortlink":"https:\/\/wp.me\/p6RhLt-aJu","jetpack_sharing_enabled":true,"_links":{"self":[{"href":"https:\/\/eldiariodesanpedro.com.ar\/sitio\/wp-json\/wp\/v2\/posts\/41260","targetHints":{"allow":["GET"]}}],"collection":[{"href":"https:\/\/eldiariodesanpedro.com.ar\/sitio\/wp-json\/wp\/v2\/posts"}],"about":[{"href":"https:\/\/eldiariodesanpedro.com.ar\/sitio\/wp-json\/wp\/v2\/types\/post"}],"author":[{"embeddable":true,"href":"https:\/\/eldiariodesanpedro.com.ar\/sitio\/wp-json\/wp\/v2\/users\/4"}],"replies":[{"embeddable":true,"href":"https:\/\/eldiariodesanpedro.com.ar\/sitio\/wp-json\/wp\/v2\/comments?post=41260"}],"version-history":[{"count":1,"href":"https:\/\/eldiariodesanpedro.com.ar\/sitio\/wp-json\/wp\/v2\/posts\/41260\/revisions"}],"predecessor-version":[{"id":41263,"href":"https:\/\/eldiariodesanpedro.com.ar\/sitio\/wp-json\/wp\/v2\/posts\/41260\/revisions\/41263"}],"wp:featuredmedia":[{"embeddable":true,"href":"https:\/\/eldiariodesanpedro.com.ar\/sitio\/wp-json\/wp\/v2\/media\/41262"}],"wp:attachment":[{"href":"https:\/\/eldiariodesanpedro.com.ar\/sitio\/wp-json\/wp\/v2\/media?parent=41260"}],"wp:term":[{"taxonomy":"category","embeddable":true,"href":"https:\/\/eldiariodesanpedro.com.ar\/sitio\/wp-json\/wp\/v2\/categories?post=41260"},{"taxonomy":"post_tag","embeddable":true,"href":"https:\/\/eldiariodesanpedro.com.ar\/sitio\/wp-json\/wp\/v2\/tags?post=41260"}],"curies":[{"name":"wp","href":"https:\/\/api.w.org\/{rel}","templated":true}]}}