{"id":41258,"date":"2018-10-03T20:27:30","date_gmt":"2018-10-03T23:27:30","guid":{"rendered":"https:\/\/eldiariodesanpedro.com.ar\/sitio\/?p=41258"},"modified":"2018-10-03T20:27:30","modified_gmt":"2018-10-03T23:27:30","slug":"recordando-a-graciela-lillian-butti-siempre-estara-en-la-historia-de-la-biblioteca","status":"publish","type":"post","link":"https:\/\/eldiariodesanpedro.com.ar\/sitio\/recordando-a-graciela-lillian-butti-siempre-estara-en-la-historia-de-la-biblioteca\/","title":{"rendered":"Recordando a Graciela Lillian Butti, siempre estar\u00e1 en la historia de la Biblioteca"},"content":{"rendered":"<p><!-- VideographyWP Plugin Message: Automatic video embedding prevented by plugin options. --><br \/>\nEl pasado 1\u00ba de octubre de este a\u00f1o, es el d\u00eda que la biblioteca Rafael Obligado empieza a recordar a Lillian Butti.<\/p>\n<p>  Algunos la recordar\u00e1n por sus m\u00faltiples virtudes, otros por su simpat\u00eda y calidez y en la Comisi\u00f3n Directiva de la Biblioteca Popular Rafael Obligado, alguien la recuerda cuando ambas ten\u00edan 10 a\u00f1os y concurr\u00edan al taller de dibujo que impart\u00eda el joven maestro de pl\u00e1stica Pedro Su\u00f1er, en dicha Instituci\u00f3n.<br \/>\n  Desde aquel lejano 1938, hasta el presente, pasaron 80 a\u00f1os, en todas las etapas de la vida, frecuentando esta entidad indispensable para el desarrollo espiritual e intelectual, nutriendo con libros y actos culturales en su m\u00e1s amplio espectro, la sensibilidad y la mente de las personas, entre las que siempre pod\u00edamos ver participando a Lillian Butti.<br \/>\n  Fue integrante de la Comisi\u00f3n Directiva en varias gestiones y trabaj\u00f3 mucho tiempo fuera de la Comisi\u00f3n Directiva, recopilando documentos antiguos, Decretos, Ordenanza, Resoluciones nacionales, provinciales y municipales, que orden\u00f3 prolijamente con n\u00f3mina y rese\u00f1a. Nunca dej\u00f3 de colaborar para mantener esa usina de conocimientos.<br \/>\n  Ahora, cada uno de los integrantes de la Comisi\u00f3n Directiva, sentimos que Lillian con su muerte, se ha llevado algo de nosotros y es esa imagen subjetiva e intransferible que habita en cada uno y nos distingue de los dem\u00e1s.   <\/p>\n","protected":false},"excerpt":{"rendered":"<p>El pasado 1\u00ba de octubre de este a\u00f1o, es el d\u00eda que la biblioteca Rafael Obligado empieza a recordar a Lillian Butti. Algunos la recordar\u00e1n por sus m\u00faltiples virtudes, otros por su simpat\u00eda y calidez y en la Comisi\u00f3n Directiva de la Biblioteca Popular Rafael Obligado, alguien la recuerda cuando ambas ten\u00edan 10 a\u00f1os y [&hellip;]<\/p>\n","protected":false},"author":4,"featured_media":10256,"comment_status":"open","ping_status":"closed","sticky":false,"template":"","format":"standard","meta":{"om_disable_all_campaigns":false,"_jetpack_memberships_contains_paid_content":false,"footnotes":""},"categories":[101,2],"tags":[],"class_list":["post-41258","post","type-post","status-publish","format-standard","has-post-thumbnail","hentry","category-interes-general-locales","category-locales"],"aioseo_notices":[],"gutentor_comment":0,"jetpack_featured_media_url":"https:\/\/eldiariodesanpedro.com.ar\/sitio\/wp-content\/uploads\/2016\/11\/Biblioteca-Popular-Rafael-Obligado.jpg","jetpack_shortlink":"https:\/\/wp.me\/p6RhLt-aJs","jetpack_sharing_enabled":true,"_links":{"self":[{"href":"https:\/\/eldiariodesanpedro.com.ar\/sitio\/wp-json\/wp\/v2\/posts\/41258","targetHints":{"allow":["GET"]}}],"collection":[{"href":"https:\/\/eldiariodesanpedro.com.ar\/sitio\/wp-json\/wp\/v2\/posts"}],"about":[{"href":"https:\/\/eldiariodesanpedro.com.ar\/sitio\/wp-json\/wp\/v2\/types\/post"}],"author":[{"embeddable":true,"href":"https:\/\/eldiariodesanpedro.com.ar\/sitio\/wp-json\/wp\/v2\/users\/4"}],"replies":[{"embeddable":true,"href":"https:\/\/eldiariodesanpedro.com.ar\/sitio\/wp-json\/wp\/v2\/comments?post=41258"}],"version-history":[{"count":1,"href":"https:\/\/eldiariodesanpedro.com.ar\/sitio\/wp-json\/wp\/v2\/posts\/41258\/revisions"}],"predecessor-version":[{"id":41261,"href":"https:\/\/eldiariodesanpedro.com.ar\/sitio\/wp-json\/wp\/v2\/posts\/41258\/revisions\/41261"}],"wp:featuredmedia":[{"embeddable":true,"href":"https:\/\/eldiariodesanpedro.com.ar\/sitio\/wp-json\/wp\/v2\/media\/10256"}],"wp:attachment":[{"href":"https:\/\/eldiariodesanpedro.com.ar\/sitio\/wp-json\/wp\/v2\/media?parent=41258"}],"wp:term":[{"taxonomy":"category","embeddable":true,"href":"https:\/\/eldiariodesanpedro.com.ar\/sitio\/wp-json\/wp\/v2\/categories?post=41258"},{"taxonomy":"post_tag","embeddable":true,"href":"https:\/\/eldiariodesanpedro.com.ar\/sitio\/wp-json\/wp\/v2\/tags?post=41258"}],"curies":[{"name":"wp","href":"https:\/\/api.w.org\/{rel}","templated":true}]}}