{"id":41254,"date":"2018-10-03T20:24:31","date_gmt":"2018-10-03T23:24:31","guid":{"rendered":"https:\/\/eldiariodesanpedro.com.ar\/sitio\/?p=41254"},"modified":"2018-10-03T20:24:31","modified_gmt":"2018-10-03T23:24:31","slug":"gravida-san-pedro-cumple-25-anos-y-realiza-una-cena","status":"publish","type":"post","link":"https:\/\/eldiariodesanpedro.com.ar\/sitio\/gravida-san-pedro-cumple-25-anos-y-realiza-una-cena\/","title":{"rendered":"Gr\u00e1vida San Pedro cumple 25 a\u00f1os y realiza una cena"},"content":{"rendered":"<p><!-- VideographyWP Plugin Message: Automatic video embedding prevented by plugin options. --><br \/>\n\u00abCumplimos 25 a\u00f1os en San Pedro y queremos festejarlo con vos que sos parte de esta historia. Tantos a\u00f1os compartidos en nuestra ciudad, tantos amigos que colaboraron y siguen colaborando con nuestro servicio. \u00a1Queremos que nos acompa\u00f1es a celebrar la vida!<br \/>\n\u00bfPodemos contar con tu S\u00cd?\u00bb<\/p>\n<p>  Cena Show Aniversario el 3 de noviembre a las 21.30 hs en el Club Paran\u00e1. Las entradas pueden reservarse y adquirirse en nuestra instituci\u00f3n en Bv. Moreno 1050, telef\u00f3nicamente al 423465 o por mail a gravidacentral@gmail.com<\/p>\n","protected":false},"excerpt":{"rendered":"<p>\u00abCumplimos 25 a\u00f1os en San Pedro y queremos festejarlo con vos que sos parte de esta historia. Tantos a\u00f1os compartidos en nuestra ciudad, tantos amigos que colaboraron y siguen colaborando con nuestro servicio. \u00a1Queremos que nos acompa\u00f1es a celebrar la vida! \u00bfPodemos contar con tu S\u00cd?\u00bb Cena Show Aniversario el 3 de noviembre a las [&hellip;]<\/p>\n","protected":false},"author":4,"featured_media":41256,"comment_status":"open","ping_status":"closed","sticky":false,"template":"","format":"standard","meta":{"om_disable_all_campaigns":false,"_jetpack_memberships_contains_paid_content":false,"footnotes":""},"categories":[101,2],"tags":[],"class_list":["post-41254","post","type-post","status-publish","format-standard","has-post-thumbnail","hentry","category-interes-general-locales","category-locales"],"aioseo_notices":[],"gutentor_comment":0,"jetpack_featured_media_url":"https:\/\/eldiariodesanpedro.com.ar\/sitio\/wp-content\/uploads\/2018\/10\/PAGINA-4.jpg","jetpack_shortlink":"https:\/\/wp.me\/p6RhLt-aJo","jetpack_sharing_enabled":true,"_links":{"self":[{"href":"https:\/\/eldiariodesanpedro.com.ar\/sitio\/wp-json\/wp\/v2\/posts\/41254","targetHints":{"allow":["GET"]}}],"collection":[{"href":"https:\/\/eldiariodesanpedro.com.ar\/sitio\/wp-json\/wp\/v2\/posts"}],"about":[{"href":"https:\/\/eldiariodesanpedro.com.ar\/sitio\/wp-json\/wp\/v2\/types\/post"}],"author":[{"embeddable":true,"href":"https:\/\/eldiariodesanpedro.com.ar\/sitio\/wp-json\/wp\/v2\/users\/4"}],"replies":[{"embeddable":true,"href":"https:\/\/eldiariodesanpedro.com.ar\/sitio\/wp-json\/wp\/v2\/comments?post=41254"}],"version-history":[{"count":1,"href":"https:\/\/eldiariodesanpedro.com.ar\/sitio\/wp-json\/wp\/v2\/posts\/41254\/revisions"}],"predecessor-version":[{"id":41259,"href":"https:\/\/eldiariodesanpedro.com.ar\/sitio\/wp-json\/wp\/v2\/posts\/41254\/revisions\/41259"}],"wp:featuredmedia":[{"embeddable":true,"href":"https:\/\/eldiariodesanpedro.com.ar\/sitio\/wp-json\/wp\/v2\/media\/41256"}],"wp:attachment":[{"href":"https:\/\/eldiariodesanpedro.com.ar\/sitio\/wp-json\/wp\/v2\/media?parent=41254"}],"wp:term":[{"taxonomy":"category","embeddable":true,"href":"https:\/\/eldiariodesanpedro.com.ar\/sitio\/wp-json\/wp\/v2\/categories?post=41254"},{"taxonomy":"post_tag","embeddable":true,"href":"https:\/\/eldiariodesanpedro.com.ar\/sitio\/wp-json\/wp\/v2\/tags?post=41254"}],"curies":[{"name":"wp","href":"https:\/\/api.w.org\/{rel}","templated":true}]}}