{"id":41249,"date":"2018-10-03T18:44:06","date_gmt":"2018-10-03T21:44:06","guid":{"rendered":"https:\/\/eldiariodesanpedro.com.ar\/sitio\/?p=41249"},"modified":"2018-10-03T18:44:06","modified_gmt":"2018-10-03T21:44:06","slug":"confirmado-en-diciembre-don-osvaldo-en-baradero","status":"publish","type":"post","link":"https:\/\/eldiariodesanpedro.com.ar\/sitio\/confirmado-en-diciembre-don-osvaldo-en-baradero\/","title":{"rendered":"Confirmado: En Diciembre Don Osvaldo En Baradero"},"content":{"rendered":"<p><!-- VideographyWP Plugin Message: Automatic video embedding prevented by plugin options. --><br \/>\nAnoche en la sesi\u00f3n del HCD se dio el \u00faltimo paso para la llegada de la banda del Pato Fontanet a la vecina localidad.<\/p>\n<p>El primero fue el pr\u00e9stamo del anfiteatro a la productora por parte del poder ejecutivo y anoche los concejales por unanimidad aprobaron la baja del canon que se paga por derecho de espect\u00e1culo p\u00fablico. La ordenanza vigente estipula un 10% del valor de las entradas vendidas pero en este caso solo deber\u00e1 abonar el 1.5 %.<\/p>\n<p>El 1, 2, 8 y 9 de Diciembre Don Osvaldo y el Pato Fontanet estar\u00e1n sobre el escenario del anfiteatro por tercera vez.<\/p>\n<p>Fuente: Baradero Te Informa<\/p>\n","protected":false},"excerpt":{"rendered":"<p>Anoche en la sesi\u00f3n del HCD se dio el \u00faltimo paso para la llegada de la banda del Pato Fontanet a la vecina localidad. El primero fue el pr\u00e9stamo del anfiteatro a la productora por parte del poder ejecutivo y anoche los concejales por unanimidad aprobaron la baja del canon que se paga por derecho [&hellip;]<\/p>\n","protected":false},"author":4,"featured_media":41250,"comment_status":"open","ping_status":"closed","sticky":false,"template":"","format":"standard","meta":{"om_disable_all_campaigns":false,"_jetpack_memberships_contains_paid_content":false,"footnotes":""},"categories":[621],"tags":[],"class_list":["post-41249","post","type-post","status-publish","format-standard","has-post-thumbnail","hentry","category-regionales"],"aioseo_notices":[],"gutentor_comment":0,"jetpack_featured_media_url":"https:\/\/eldiariodesanpedro.com.ar\/sitio\/wp-content\/uploads\/2018\/10\/fontanet_6.jpg","jetpack_shortlink":"https:\/\/wp.me\/p6RhLt-aJj","jetpack_sharing_enabled":true,"_links":{"self":[{"href":"https:\/\/eldiariodesanpedro.com.ar\/sitio\/wp-json\/wp\/v2\/posts\/41249","targetHints":{"allow":["GET"]}}],"collection":[{"href":"https:\/\/eldiariodesanpedro.com.ar\/sitio\/wp-json\/wp\/v2\/posts"}],"about":[{"href":"https:\/\/eldiariodesanpedro.com.ar\/sitio\/wp-json\/wp\/v2\/types\/post"}],"author":[{"embeddable":true,"href":"https:\/\/eldiariodesanpedro.com.ar\/sitio\/wp-json\/wp\/v2\/users\/4"}],"replies":[{"embeddable":true,"href":"https:\/\/eldiariodesanpedro.com.ar\/sitio\/wp-json\/wp\/v2\/comments?post=41249"}],"version-history":[{"count":1,"href":"https:\/\/eldiariodesanpedro.com.ar\/sitio\/wp-json\/wp\/v2\/posts\/41249\/revisions"}],"predecessor-version":[{"id":41251,"href":"https:\/\/eldiariodesanpedro.com.ar\/sitio\/wp-json\/wp\/v2\/posts\/41249\/revisions\/41251"}],"wp:featuredmedia":[{"embeddable":true,"href":"https:\/\/eldiariodesanpedro.com.ar\/sitio\/wp-json\/wp\/v2\/media\/41250"}],"wp:attachment":[{"href":"https:\/\/eldiariodesanpedro.com.ar\/sitio\/wp-json\/wp\/v2\/media?parent=41249"}],"wp:term":[{"taxonomy":"category","embeddable":true,"href":"https:\/\/eldiariodesanpedro.com.ar\/sitio\/wp-json\/wp\/v2\/categories?post=41249"},{"taxonomy":"post_tag","embeddable":true,"href":"https:\/\/eldiariodesanpedro.com.ar\/sitio\/wp-json\/wp\/v2\/tags?post=41249"}],"curies":[{"name":"wp","href":"https:\/\/api.w.org\/{rel}","templated":true}]}}