{"id":41231,"date":"2018-10-03T10:27:01","date_gmt":"2018-10-03T13:27:01","guid":{"rendered":"https:\/\/eldiariodesanpedro.com.ar\/sitio\/?p=41231"},"modified":"2018-10-03T10:27:01","modified_gmt":"2018-10-03T13:27:01","slug":"dos-listas-se-presentaran-en-las-proximas-elecciones-internas-del-radicalismo","status":"publish","type":"post","link":"https:\/\/eldiariodesanpedro.com.ar\/sitio\/dos-listas-se-presentaran-en-las-proximas-elecciones-internas-del-radicalismo\/","title":{"rendered":"Dos listas se presentar\u00e1n en las pr\u00f3ximas elecciones internas del radicalismo"},"content":{"rendered":"<p><!-- VideographyWP Plugin Message: Automatic video embedding prevented by plugin options. --><br \/>\nTras haber realizado unas declaraciones donde el ex candidato a concejal \u00abPato\u00bb Bennazar habl\u00f3 sobre su candidatura en las internas del Partido Radical, envi\u00f3 un comunicado junto a Pablo Rodolfo Bardelli a los medios comunicaci\u00f3n donde denuncia la desunidad del partido y la negaci\u00f3n de su candidatura por lo que finalmente se presentaron solo se presentaran dos listas la primera encabezada por Majo Mora actual Directora de Cultura quien pertenece a la rama del \u00abBarbirismo\u00bb, tambi\u00e9n representando al oficialismo de Cambiemos y el otro candidato Enzo Gravino quien pertenece al grupo \u201cgermanistas\u201d.<\/p>\n<p>Las elecciones se realizar\u00e1n el pr\u00f3ximo 28 de Octubre y este fin de semana fueron cerradas las listas finales.<\/p>\n<p>El comunicado de grupo que quedo afuera de las internas dice:<br \/>\n\u00abNos dirigimos a la sociedad en general y a los radicales en particular con profunda desaz\u00f3n por no haberse podido lograr la unidad en nuestro partido.<br \/>\nEste fin de semana, nuevamente los egos desmedidos y alimentados por un profundo odio de un sector partidario hacia el otro ha impedido concretar los entendimientos a los cuales hab\u00edamos arribado durante las negociaciones mantenidas la semana pasada.<br \/>\nComo afirm\u00f3 Mart\u00edn Lousteau: \u201cLos dirigentes pol\u00edticos estamos obligados a hablar los unos con los otros. Obligados hasta para entender en qu\u00e9 cosas no nos vamos a poner de acuerdo\u201d. Y sobre esta idea rectora decidimos no presentarnos a las internas, pero arbitrar de mediadores entre ambos grupos para consolidar las coincidencias y minimizar las diferencias.<br \/>\nNo se puedo construir los consensos porque un sector desautoriza a su interlocutor. Quienes pretendan ser dirigentes de verdad deber\u00e1n saber que conducir un espacio implica tambi\u00e9n no solo encabezar una lista o enfrentar discursivamente a sus contrincantes, sino tener el coraje de priorizar lo que es mejor para su grupo pol\u00edtico, aunque le cueste renunciar a sus propias aspiraciones o la de algunos de sus seguidores.<br \/>\nEs importante recordar que los grupos que van a competir en la interna actualmente son quienes conducen el partido radical. Ambos grupos son la Comisi\u00f3n Directiva solo porque Mario Barbieri y Germ\u00e1n L\u00f3pez as\u00ed lo acordaron hace dos a\u00f1os.<br \/>\nSe ha deso\u00eddo el pedido de nuestro actual presidente y vice gobernador Daniel Salvador de hacer el mayor esfuerzo posible para lograr los consensos necesarios que eviten una interna que solo desgastar\u00e1 al partido radical y no resolver\u00e1 ni las diferencias internas ni mucho menos los problemas de todos los argentinos.<br \/>\nAtentamente.<br \/>\nPablo Rodolfo Bardelli (Cantera Popular San Pedro)<br \/>\nDiego Juan Bennazar (Uni\u00f3n C\u00edvica Radical Independiente)\u00bb<\/p>\n","protected":false},"excerpt":{"rendered":"<p>Tras haber realizado unas declaraciones donde el ex candidato a concejal \u00abPato\u00bb Bennazar habl\u00f3 sobre su candidatura en las internas del Partido Radical, envi\u00f3 un comunicado junto a Pablo Rodolfo Bardelli a los medios comunicaci\u00f3n donde denuncia la desunidad del partido y la negaci\u00f3n de su candidatura por lo que finalmente se presentaron solo se [&hellip;]<\/p>\n","protected":false},"author":4,"featured_media":41232,"comment_status":"open","ping_status":"closed","sticky":false,"template":"","format":"standard","meta":{"om_disable_all_campaigns":false,"_jetpack_memberships_contains_paid_content":false,"footnotes":""},"categories":[2,102],"tags":[],"class_list":["post-41231","post","type-post","status-publish","format-standard","has-post-thumbnail","hentry","category-locales","category-politica-locales"],"aioseo_notices":[],"gutentor_comment":0,"jetpack_featured_media_url":"https:\/\/eldiariodesanpedro.com.ar\/sitio\/wp-content\/uploads\/2018\/10\/UCR-comit\u00e9.jpg","jetpack_shortlink":"https:\/\/wp.me\/p6RhLt-aJ1","jetpack_sharing_enabled":true,"_links":{"self":[{"href":"https:\/\/eldiariodesanpedro.com.ar\/sitio\/wp-json\/wp\/v2\/posts\/41231","targetHints":{"allow":["GET"]}}],"collection":[{"href":"https:\/\/eldiariodesanpedro.com.ar\/sitio\/wp-json\/wp\/v2\/posts"}],"about":[{"href":"https:\/\/eldiariodesanpedro.com.ar\/sitio\/wp-json\/wp\/v2\/types\/post"}],"author":[{"embeddable":true,"href":"https:\/\/eldiariodesanpedro.com.ar\/sitio\/wp-json\/wp\/v2\/users\/4"}],"replies":[{"embeddable":true,"href":"https:\/\/eldiariodesanpedro.com.ar\/sitio\/wp-json\/wp\/v2\/comments?post=41231"}],"version-history":[{"count":1,"href":"https:\/\/eldiariodesanpedro.com.ar\/sitio\/wp-json\/wp\/v2\/posts\/41231\/revisions"}],"predecessor-version":[{"id":41233,"href":"https:\/\/eldiariodesanpedro.com.ar\/sitio\/wp-json\/wp\/v2\/posts\/41231\/revisions\/41233"}],"wp:featuredmedia":[{"embeddable":true,"href":"https:\/\/eldiariodesanpedro.com.ar\/sitio\/wp-json\/wp\/v2\/media\/41232"}],"wp:attachment":[{"href":"https:\/\/eldiariodesanpedro.com.ar\/sitio\/wp-json\/wp\/v2\/media?parent=41231"}],"wp:term":[{"taxonomy":"category","embeddable":true,"href":"https:\/\/eldiariodesanpedro.com.ar\/sitio\/wp-json\/wp\/v2\/categories?post=41231"},{"taxonomy":"post_tag","embeddable":true,"href":"https:\/\/eldiariodesanpedro.com.ar\/sitio\/wp-json\/wp\/v2\/tags?post=41231"}],"curies":[{"name":"wp","href":"https:\/\/api.w.org\/{rel}","templated":true}]}}