{"id":41228,"date":"2018-10-03T09:22:37","date_gmt":"2018-10-03T12:22:37","guid":{"rendered":"https:\/\/eldiariodesanpedro.com.ar\/sitio\/?p=41228"},"modified":"2018-10-03T09:22:37","modified_gmt":"2018-10-03T12:22:37","slug":"se-hallo-un-camion-a-la-altura-de-castro-que-habia-sido-asaltado","status":"publish","type":"post","link":"https:\/\/eldiariodesanpedro.com.ar\/sitio\/se-hallo-un-camion-a-la-altura-de-castro-que-habia-sido-asaltado\/","title":{"rendered":"Se hall\u00f3 un cami\u00f3n a la altura de Castro que hab\u00eda sido asaltado"},"content":{"rendered":"<p><!-- VideographyWP Plugin Message: Automatic video embedding prevented by plugin options. --><br \/>\nEste martes a las 22hs, personal policial de comisar\u00eda toma intervenci\u00f3n tras recibir un llamado telef\u00f3nico de una Empresa satelital, donde informaban una problem\u00e1tica con un cami\u00f3n de transporte.<\/p>\n<p>Tras r\u00e1pido accionar, proceden al  hallazgo en Ruta Nacional 9 Km. 184 carril Rosario \u2013 Buenos Aires de Gobernador Castro, de un cami\u00f3n y semi cargado con mercader\u00eda intacto.<\/p>\n<p>Cuando los efectivos Identifican al chofer, un hombre de 42 a\u00f1os de edad oriundo de Rosario, refiere haber sido victima de un intento de asalto a la altura del km. 195 de Ramallo, y obligado a cambiar el rumbo. <\/p>\n<p>El Conductor resulta ileso e intervino la Ayudantia Fiscal de Ramallo quien investiga el hecho.<\/p>\n","protected":false},"excerpt":{"rendered":"<p>Este martes a las 22hs, personal policial de comisar\u00eda toma intervenci\u00f3n tras recibir un llamado telef\u00f3nico de una Empresa satelital, donde informaban una problem\u00e1tica con un cami\u00f3n de transporte. Tras r\u00e1pido accionar, proceden al hallazgo en Ruta Nacional 9 Km. 184 carril Rosario \u2013 Buenos Aires de Gobernador Castro, de un cami\u00f3n y semi cargado [&hellip;]<\/p>\n","protected":false},"author":4,"featured_media":24562,"comment_status":"open","ping_status":"closed","sticky":false,"template":"","format":"standard","meta":{"om_disable_all_campaigns":false,"_jetpack_memberships_contains_paid_content":false,"footnotes":""},"categories":[2,103],"tags":[],"class_list":["post-41228","post","type-post","status-publish","format-standard","has-post-thumbnail","hentry","category-locales","category-policiales-locales"],"aioseo_notices":[],"gutentor_comment":0,"jetpack_featured_media_url":"https:\/\/eldiariodesanpedro.com.ar\/sitio\/wp-content\/uploads\/2017\/10\/policia-patrulla-noche.jpg","jetpack_shortlink":"https:\/\/wp.me\/p6RhLt-aIY","jetpack_sharing_enabled":true,"_links":{"self":[{"href":"https:\/\/eldiariodesanpedro.com.ar\/sitio\/wp-json\/wp\/v2\/posts\/41228","targetHints":{"allow":["GET"]}}],"collection":[{"href":"https:\/\/eldiariodesanpedro.com.ar\/sitio\/wp-json\/wp\/v2\/posts"}],"about":[{"href":"https:\/\/eldiariodesanpedro.com.ar\/sitio\/wp-json\/wp\/v2\/types\/post"}],"author":[{"embeddable":true,"href":"https:\/\/eldiariodesanpedro.com.ar\/sitio\/wp-json\/wp\/v2\/users\/4"}],"replies":[{"embeddable":true,"href":"https:\/\/eldiariodesanpedro.com.ar\/sitio\/wp-json\/wp\/v2\/comments?post=41228"}],"version-history":[{"count":1,"href":"https:\/\/eldiariodesanpedro.com.ar\/sitio\/wp-json\/wp\/v2\/posts\/41228\/revisions"}],"predecessor-version":[{"id":41230,"href":"https:\/\/eldiariodesanpedro.com.ar\/sitio\/wp-json\/wp\/v2\/posts\/41228\/revisions\/41230"}],"wp:featuredmedia":[{"embeddable":true,"href":"https:\/\/eldiariodesanpedro.com.ar\/sitio\/wp-json\/wp\/v2\/media\/24562"}],"wp:attachment":[{"href":"https:\/\/eldiariodesanpedro.com.ar\/sitio\/wp-json\/wp\/v2\/media?parent=41228"}],"wp:term":[{"taxonomy":"category","embeddable":true,"href":"https:\/\/eldiariodesanpedro.com.ar\/sitio\/wp-json\/wp\/v2\/categories?post=41228"},{"taxonomy":"post_tag","embeddable":true,"href":"https:\/\/eldiariodesanpedro.com.ar\/sitio\/wp-json\/wp\/v2\/tags?post=41228"}],"curies":[{"name":"wp","href":"https:\/\/api.w.org\/{rel}","templated":true}]}}