{"id":41224,"date":"2018-10-03T08:52:15","date_gmt":"2018-10-03T11:52:15","guid":{"rendered":"https:\/\/eldiariodesanpedro.com.ar\/sitio\/?p=41224"},"modified":"2018-10-03T08:52:15","modified_gmt":"2018-10-03T11:52:15","slug":"le-rompio-el-porton-de-su-casa-y-lo-amenazo-de-muerte","status":"publish","type":"post","link":"https:\/\/eldiariodesanpedro.com.ar\/sitio\/le-rompio-el-porton-de-su-casa-y-lo-amenazo-de-muerte\/","title":{"rendered":"Le rompi\u00f3 el port\u00f3n de su casa y lo amenaz\u00f3 de muerte"},"content":{"rendered":"<p><!-- VideographyWP Plugin Message: Automatic video embedding prevented by plugin options. --><br \/>\n El martes por la noche, un joven de 23 a\u00f1os de edad, denuncio en la Dependencia Local que fue amenazado de muerte por otro sujeto a quien reconoce por quedar insatisfecho por cuestiones de negocio semanas atr\u00e1s.<\/p>\n<p>La victima cuenta que se encontraba en su domicilio de calle Estrada al 600 cuando constata al sentir ruidos, que el port\u00f3n hab\u00eda sido da\u00f1ado de forma intencional por una persona que tambi\u00e9n lo habr\u00eda amenazado de muerte.<\/p>\n<p>Tambi\u00e9n se conoci\u00f3 otra denuncia de un ciudadano de 43, que se encontraba en ruta 191 y calle Estrada cuando se le acercan dos hombres a quien reconoce y por medio de intimidaci\u00f3n verbal le propinan amenazas de muerte.<\/p>\n<p>Ambos casos investiga la Fiscal\u00eda en turno.<\/p>\n","protected":false},"excerpt":{"rendered":"<p>El martes por la noche, un joven de 23 a\u00f1os de edad, denuncio en la Dependencia Local que fue amenazado de muerte por otro sujeto a quien reconoce por quedar insatisfecho por cuestiones de negocio semanas atr\u00e1s. La victima cuenta que se encontraba en su domicilio de calle Estrada al 600 cuando constata al sentir [&hellip;]<\/p>\n","protected":false},"author":4,"featured_media":24562,"comment_status":"open","ping_status":"closed","sticky":false,"template":"","format":"standard","meta":{"om_disable_all_campaigns":false,"_jetpack_memberships_contains_paid_content":false,"footnotes":""},"categories":[2,103],"tags":[],"class_list":["post-41224","post","type-post","status-publish","format-standard","has-post-thumbnail","hentry","category-locales","category-policiales-locales"],"aioseo_notices":[],"gutentor_comment":0,"jetpack_featured_media_url":"https:\/\/eldiariodesanpedro.com.ar\/sitio\/wp-content\/uploads\/2017\/10\/policia-patrulla-noche.jpg","jetpack_shortlink":"https:\/\/wp.me\/p6RhLt-aIU","jetpack_sharing_enabled":true,"_links":{"self":[{"href":"https:\/\/eldiariodesanpedro.com.ar\/sitio\/wp-json\/wp\/v2\/posts\/41224","targetHints":{"allow":["GET"]}}],"collection":[{"href":"https:\/\/eldiariodesanpedro.com.ar\/sitio\/wp-json\/wp\/v2\/posts"}],"about":[{"href":"https:\/\/eldiariodesanpedro.com.ar\/sitio\/wp-json\/wp\/v2\/types\/post"}],"author":[{"embeddable":true,"href":"https:\/\/eldiariodesanpedro.com.ar\/sitio\/wp-json\/wp\/v2\/users\/4"}],"replies":[{"embeddable":true,"href":"https:\/\/eldiariodesanpedro.com.ar\/sitio\/wp-json\/wp\/v2\/comments?post=41224"}],"version-history":[{"count":1,"href":"https:\/\/eldiariodesanpedro.com.ar\/sitio\/wp-json\/wp\/v2\/posts\/41224\/revisions"}],"predecessor-version":[{"id":41225,"href":"https:\/\/eldiariodesanpedro.com.ar\/sitio\/wp-json\/wp\/v2\/posts\/41224\/revisions\/41225"}],"wp:featuredmedia":[{"embeddable":true,"href":"https:\/\/eldiariodesanpedro.com.ar\/sitio\/wp-json\/wp\/v2\/media\/24562"}],"wp:attachment":[{"href":"https:\/\/eldiariodesanpedro.com.ar\/sitio\/wp-json\/wp\/v2\/media?parent=41224"}],"wp:term":[{"taxonomy":"category","embeddable":true,"href":"https:\/\/eldiariodesanpedro.com.ar\/sitio\/wp-json\/wp\/v2\/categories?post=41224"},{"taxonomy":"post_tag","embeddable":true,"href":"https:\/\/eldiariodesanpedro.com.ar\/sitio\/wp-json\/wp\/v2\/tags?post=41224"}],"curies":[{"name":"wp","href":"https:\/\/api.w.org\/{rel}","templated":true}]}}