{"id":41221,"date":"2018-10-03T08:41:09","date_gmt":"2018-10-03T11:41:09","guid":{"rendered":"https:\/\/eldiariodesanpedro.com.ar\/sitio\/?p=41221"},"modified":"2018-10-03T08:56:45","modified_gmt":"2018-10-03T11:56:45","slug":"se-recupero-una-moto-que-fue-robada-en-el-mes-de-agosto","status":"publish","type":"post","link":"https:\/\/eldiariodesanpedro.com.ar\/sitio\/se-recupero-una-moto-que-fue-robada-en-el-mes-de-agosto\/","title":{"rendered":"Se recupero una moto que fue robada en el mes de Agosto"},"content":{"rendered":"<p><!-- VideographyWP Plugin Message: Automatic video embedding prevented by plugin options. --><br \/>\nPersonal policial recupero una motocicleta que habia sido sustraida en el mes de Agosto. Su conductor fue aprehendido y notificado de la causa por encubrimiento.<\/p>\n<p>El hecho ocurri\u00f3 en intersecci\u00f3n de las calles Ntra. Sra. del Socorro e Independencia cuando se procede a la interceptaci\u00f3n de un sujeto que circulaba en una motocicleta 110 cc.<\/p>\n<p>El conductor, un hombre de 28 a\u00f1os de edad, fue aprehendido tras ser identificado el rodado que presenta  pedido de captura activa del 24 de Agosto del corriente a\u00f1o, donde se le fue sustra\u00edda por delincuentes ignorados, a una joven de 18, de la vereda de su domicilio en el Barrio Fonavi 1.<\/p>\n<p>Para al tenedor del rodado, se cumplieron recaudos legales, sometido al proceso judicial con intervenci\u00f3n de la fiscal\u00eda local.<\/p>\n<p>Tambi\u00e9n  en calle 25 de Mayo y General Pueyrredon se identifico a otro ciudadano de 56, quien circulaba en una motocicleta 50 cc, cual registra pedido de secuestro activo del 23 de Agosto de 2016, por el delito de hurto  solicitado por la Fiscalia de San Pedro. <\/p>\n<p>Trasladado conductor a sede policial se cumplieron recaudo legales y el rodado permanece en el deposito policial. <\/p>\n","protected":false},"excerpt":{"rendered":"<p>Personal policial recupero una motocicleta que habia sido sustraida en el mes de Agosto. Su conductor fue aprehendido y notificado de la causa por encubrimiento. El hecho ocurri\u00f3 en intersecci\u00f3n de las calles Ntra. Sra. del Socorro e Independencia cuando se procede a la interceptaci\u00f3n de un sujeto que circulaba en una motocicleta 110 cc. [&hellip;]<\/p>\n","protected":false},"author":4,"featured_media":41222,"comment_status":"open","ping_status":"closed","sticky":false,"template":"","format":"standard","meta":{"om_disable_all_campaigns":false,"_jetpack_memberships_contains_paid_content":false,"footnotes":""},"categories":[50,2,103],"tags":[],"class_list":["post-41221","post","type-post","status-publish","format-standard","has-post-thumbnail","hentry","category-destacadas","category-locales","category-policiales-locales"],"aioseo_notices":[],"gutentor_comment":0,"jetpack_featured_media_url":"https:\/\/eldiariodesanpedro.com.ar\/sitio\/wp-content\/uploads\/2018\/10\/WhatsApp-Image-2018-10-02-at-21.20.21.jpeg","jetpack_shortlink":"https:\/\/wp.me\/p6RhLt-aIR","jetpack_sharing_enabled":true,"_links":{"self":[{"href":"https:\/\/eldiariodesanpedro.com.ar\/sitio\/wp-json\/wp\/v2\/posts\/41221","targetHints":{"allow":["GET"]}}],"collection":[{"href":"https:\/\/eldiariodesanpedro.com.ar\/sitio\/wp-json\/wp\/v2\/posts"}],"about":[{"href":"https:\/\/eldiariodesanpedro.com.ar\/sitio\/wp-json\/wp\/v2\/types\/post"}],"author":[{"embeddable":true,"href":"https:\/\/eldiariodesanpedro.com.ar\/sitio\/wp-json\/wp\/v2\/users\/4"}],"replies":[{"embeddable":true,"href":"https:\/\/eldiariodesanpedro.com.ar\/sitio\/wp-json\/wp\/v2\/comments?post=41221"}],"version-history":[{"count":3,"href":"https:\/\/eldiariodesanpedro.com.ar\/sitio\/wp-json\/wp\/v2\/posts\/41221\/revisions"}],"predecessor-version":[{"id":41227,"href":"https:\/\/eldiariodesanpedro.com.ar\/sitio\/wp-json\/wp\/v2\/posts\/41221\/revisions\/41227"}],"wp:featuredmedia":[{"embeddable":true,"href":"https:\/\/eldiariodesanpedro.com.ar\/sitio\/wp-json\/wp\/v2\/media\/41222"}],"wp:attachment":[{"href":"https:\/\/eldiariodesanpedro.com.ar\/sitio\/wp-json\/wp\/v2\/media?parent=41221"}],"wp:term":[{"taxonomy":"category","embeddable":true,"href":"https:\/\/eldiariodesanpedro.com.ar\/sitio\/wp-json\/wp\/v2\/categories?post=41221"},{"taxonomy":"post_tag","embeddable":true,"href":"https:\/\/eldiariodesanpedro.com.ar\/sitio\/wp-json\/wp\/v2\/tags?post=41221"}],"curies":[{"name":"wp","href":"https:\/\/api.w.org\/{rel}","templated":true}]}}