{"id":41212,"date":"2018-10-02T20:44:14","date_gmt":"2018-10-02T23:44:14","guid":{"rendered":"https:\/\/eldiariodesanpedro.com.ar\/sitio\/?p=41212"},"modified":"2026-01-24T00:10:49","modified_gmt":"2026-01-24T03:10:49","slug":"liga-deportiva-sampedrina-anuncio-la-realizacion-de-una-prueba-atletica-y-apoyo-a-distintos-deportes","status":"publish","type":"post","link":"https:\/\/eldiariodesanpedro.com.ar\/sitio\/liga-deportiva-sampedrina-anuncio-la-realizacion-de-una-prueba-atletica-y-apoyo-a-distintos-deportes\/","title":{"rendered":"LIGA DEPORTIVA SAMPEDRINA: Anunci\u00f3 la realizaci\u00f3n de una prueba atl\u00e9tica y apoyo a distintos deportes"},"content":{"rendered":"<p><!-- VideographyWP Plugin Message: Automatic video embedding prevented by plugin options. --><br \/>\n  En conferencia de prensa, las autoridades de la Liga Deportiva Sampedrina anunciaron que a la brevedad distintas disciplinas ser\u00e1n parte de la misma. En diciembre una prueba atl\u00e9tica por calles de la ciudad de 8km.<\/p>\n<p>  \u201cSiempre las puertas est\u00e1n abiertas para todos aquellos que tengan inquietud de formar una comisi\u00f3n de apoyo a diferentes deportes\u201d expres\u00f3 Hugo Cejas en la anunciada conferencia de prensa en el local liguista.<\/p>\n<p>  Santiago Dellagiovanna, junto Dami\u00e1n Gallina, reconocidos triatletas de nuestra ciudad, est\u00e1n al mando de una comisi\u00f3n de atletismo que desde diciembre tendr\u00e1 a su cargo distintas opciones para organizar, atletismo, duatl\u00f3n, aventura. La primera ser\u00e1 el 9 de diciembre con una competencia de 8km.<\/p>\n<p>  Tambi\u00e9n estuvo el dirigente del Club Sportivo Am\u00e9rica Ra\u00fal Alegre, este contando sobre la organizaci\u00f3n de las pr\u00f3ximas dos pruebas que organiza esa entidad, Nataci\u00f3n y Triatl\u00f3n con el apoyo tambi\u00e9n de la Liga.<\/p>\n<p>  La entidad reconocida por su organizaci\u00f3n en el f\u00fatbol, tuvo momentos destacados dentro del deporte local, aunque es digno reconocer que siempre se acercaron vecinos con intenciones de cubrir ciertas disciplinas deportivas y encontraron el recinto para llevar adelante sus actividades, lo que hoy est\u00e1 queriendo nuevamente resurgir.<\/p>\n<p>  La Asociaci\u00f3n de Bochas tiene como sede la Liga, tambi\u00e9n un grupo que practica f\u00edsico culturismo y f\u00fatbol femenino. Cobij\u00f3 hasta su desaparici\u00f3n a la ASED, una entidad que comenz\u00f3 a organizar actividades como hockey (lleg\u00f3 a sumar m\u00e1s de 600 chicas en los encuentros e hizo disputar varios torneos) y b\u00e1squet (con encuentro callejero frente al municipio), pero luego sin el compromiso de los clubes desapareci\u00f3.<\/p>\n<p>  La idea es buena, s\u00f3lo falta que dirigentes de clubes afiliados y vecinos de la ciudad tomen conciencia que en ese lugar tambi\u00e9n pueden ser organizadores de otras actividades m\u00e1s all\u00e1 del f\u00fatbol.<\/p>\n<div data-carousel-extra='{&quot;blog_id&quot;:1,&quot;permalink&quot;:&quot;https:\/\/eldiariodesanpedro.com.ar\/sitio\/liga-deportiva-sampedrina-anuncio-la-realizacion-de-una-prueba-atletica-y-apoyo-a-distintos-deportes\/&quot;}' id='gallery-1' class='gallery galleryid-41212 gallery-columns-3 gallery-size-large'><figure class='gallery-item'>\n\t\t\t<div class='gallery-icon landscape'>\n\t\t\t\t<a href='https:\/\/eldiariodesanpedro.com.ar\/sitio\/liga-deportiva-sampedrina-anuncio-la-realizacion-de-una-prueba-atletica-y-apoyo-a-distintos-deportes\/santiago-dellagiovanna-anuncio-la-prueba-atletica-junto-a-el-gorosito-y-jaime\/'><img decoding=\"async\" width=\"640\" height=\"480\" data-src=\"https:\/\/eldiariodesanpedro.com.ar\/sitio\/wp-content\/uploads\/2018\/10\/Santiago-Dellagiovanna-anunci\u00f3-la-prueba-atl\u00e9tica-junto-a-\u00e9l-Gorosito-y-Jaime.jpg\" class=\"attachment-large size-large lazyload\" alt=\"El Diario de San Pedro | Noticias locales y regionales\" data-srcset=\"https:\/\/eldiariodesanpedro.com.ar\/sitio\/wp-content\/uploads\/2018\/10\/Santiago-Dellagiovanna-anunci\u00f3-la-prueba-atl\u00e9tica-junto-a-\u00e9l-Gorosito-y-Jaime.jpg 1000w, https:\/\/eldiariodesanpedro.com.ar\/sitio\/wp-content\/uploads\/2018\/10\/Santiago-Dellagiovanna-anunci\u00f3-la-prueba-atl\u00e9tica-junto-a-\u00e9l-Gorosito-y-Jaime-300x225.jpg 300w, https:\/\/eldiariodesanpedro.com.ar\/sitio\/wp-content\/uploads\/2018\/10\/Santiago-Dellagiovanna-anunci\u00f3-la-prueba-atl\u00e9tica-junto-a-\u00e9l-Gorosito-y-Jaime-768x576.jpg 768w\" data-sizes=\"(max-width: 640px) 100vw, 640px\" data-attachment-id=\"41218\" data-permalink=\"https:\/\/eldiariodesanpedro.com.ar\/sitio\/liga-deportiva-sampedrina-anuncio-la-realizacion-de-una-prueba-atletica-y-apoyo-a-distintos-deportes\/santiago-dellagiovanna-anuncio-la-prueba-atletica-junto-a-el-gorosito-y-jaime\/\" data-orig-file=\"https:\/\/eldiariodesanpedro.com.ar\/sitio\/wp-content\/uploads\/2018\/10\/Santiago-Dellagiovanna-anunci\u00f3-la-prueba-atl\u00e9tica-junto-a-\u00e9l-Gorosito-y-Jaime.jpg\" data-orig-size=\"1000,750\" data-comments-opened=\"1\" data-image-meta=\"{&quot;aperture&quot;:&quot;2.8&quot;,&quot;credit&quot;:&quot;&quot;,&quot;camera&quot;:&quot;KODAK EASYSHARE M753 ZOOM DIGITAL CAMERA&quot;,&quot;caption&quot;:&quot;&quot;,&quot;created_timestamp&quot;:&quot;1167918853&quot;,&quot;copyright&quot;:&quot;&quot;,&quot;focal_length&quot;:&quot;6.2&quot;,&quot;iso&quot;:&quot;200&quot;,&quot;shutter_speed&quot;:&quot;0.015625&quot;,&quot;title&quot;:&quot;&quot;,&quot;orientation&quot;:&quot;0&quot;}\" data-image-title=\"Santiago Dellagiovanna anunci\u00f3 la prueba atl\u00e9tica, junto a \u00e9l Gorosito y Jaime\" data-image-description=\"\" data-image-caption=\"\" data-large-file=\"https:\/\/eldiariodesanpedro.com.ar\/sitio\/wp-content\/uploads\/2018\/10\/Santiago-Dellagiovanna-anunci\u00f3-la-prueba-atl\u00e9tica-junto-a-\u00e9l-Gorosito-y-Jaime.jpg\" src=\"data:image\/svg+xml;base64,PHN2ZyB3aWR0aD0iMSIgaGVpZ2h0PSIxIiB4bWxucz0iaHR0cDovL3d3dy53My5vcmcvMjAwMC9zdmciPjwvc3ZnPg==\" style=\"--smush-placeholder-width: 640px; --smush-placeholder-aspect-ratio: 640\/480;\" \/><\/a>\n\t\t\t<\/div><\/figure><figure class='gallery-item'>\n\t\t\t<div class='gallery-icon landscape'>\n\t\t\t\t<a href='https:\/\/eldiariodesanpedro.com.ar\/sitio\/liga-deportiva-sampedrina-anuncio-la-realizacion-de-una-prueba-atletica-y-apoyo-a-distintos-deportes\/hugo-cejas-junto-a-demas-dirigentes-liguistas\/'><img decoding=\"async\" width=\"640\" height=\"480\" data-src=\"https:\/\/eldiariodesanpedro.com.ar\/sitio\/wp-content\/uploads\/2018\/10\/Hugo-Cejas-junto-a-dem\u00e1s-dirigentes-liguistas.jpg\" class=\"attachment-large size-large lazyload\" alt=\"El Diario de San Pedro | Noticias locales y regionales\" data-srcset=\"https:\/\/eldiariodesanpedro.com.ar\/sitio\/wp-content\/uploads\/2018\/10\/Hugo-Cejas-junto-a-dem\u00e1s-dirigentes-liguistas.jpg 1000w, https:\/\/eldiariodesanpedro.com.ar\/sitio\/wp-content\/uploads\/2018\/10\/Hugo-Cejas-junto-a-dem\u00e1s-dirigentes-liguistas-300x225.jpg 300w, https:\/\/eldiariodesanpedro.com.ar\/sitio\/wp-content\/uploads\/2018\/10\/Hugo-Cejas-junto-a-dem\u00e1s-dirigentes-liguistas-768x576.jpg 768w\" data-sizes=\"(max-width: 640px) 100vw, 640px\" data-attachment-id=\"41216\" data-permalink=\"https:\/\/eldiariodesanpedro.com.ar\/sitio\/liga-deportiva-sampedrina-anuncio-la-realizacion-de-una-prueba-atletica-y-apoyo-a-distintos-deportes\/hugo-cejas-junto-a-demas-dirigentes-liguistas\/\" data-orig-file=\"https:\/\/eldiariodesanpedro.com.ar\/sitio\/wp-content\/uploads\/2018\/10\/Hugo-Cejas-junto-a-dem\u00e1s-dirigentes-liguistas.jpg\" data-orig-size=\"1000,750\" data-comments-opened=\"1\" data-image-meta=\"{&quot;aperture&quot;:&quot;2.8&quot;,&quot;credit&quot;:&quot;&quot;,&quot;camera&quot;:&quot;KODAK EASYSHARE M753 ZOOM DIGITAL CAMERA&quot;,&quot;caption&quot;:&quot;&quot;,&quot;created_timestamp&quot;:&quot;1167918708&quot;,&quot;copyright&quot;:&quot;&quot;,&quot;focal_length&quot;:&quot;6.2&quot;,&quot;iso&quot;:&quot;200&quot;,&quot;shutter_speed&quot;:&quot;0.015625&quot;,&quot;title&quot;:&quot;&quot;,&quot;orientation&quot;:&quot;0&quot;}\" data-image-title=\"Hugo Cejas junto a dem\u00e1s dirigentes liguistas\" data-image-description=\"\" data-image-caption=\"\" data-large-file=\"https:\/\/eldiariodesanpedro.com.ar\/sitio\/wp-content\/uploads\/2018\/10\/Hugo-Cejas-junto-a-dem\u00e1s-dirigentes-liguistas.jpg\" src=\"data:image\/svg+xml;base64,PHN2ZyB3aWR0aD0iMSIgaGVpZ2h0PSIxIiB4bWxucz0iaHR0cDovL3d3dy53My5vcmcvMjAwMC9zdmciPjwvc3ZnPg==\" style=\"--smush-placeholder-width: 640px; --smush-placeholder-aspect-ratio: 640\/480;\" \/><\/a>\n\t\t\t<\/div><\/figure><figure class='gallery-item'>\n\t\t\t<div class='gallery-icon landscape'>\n\t\t\t\t<a href='https:\/\/eldiariodesanpedro.com.ar\/sitio\/liga-deportiva-sampedrina-anuncio-la-realizacion-de-una-prueba-atletica-y-apoyo-a-distintos-deportes\/raul-alegre-de-sp-america-a-su-lado-a-sanchez-y-h-cejas\/'><img decoding=\"async\" width=\"640\" height=\"480\" data-src=\"https:\/\/eldiariodesanpedro.com.ar\/sitio\/wp-content\/uploads\/2018\/10\/Ra\u00fal-Alegre-de-Sp.-Am\u00e9rica-a-su-lado-A.-S\u00e1nchez-y-H.-Cejas.jpg\" class=\"attachment-large size-large lazyload\" alt=\"El Diario de San Pedro | Noticias locales y regionales\" data-srcset=\"https:\/\/eldiariodesanpedro.com.ar\/sitio\/wp-content\/uploads\/2018\/10\/Ra\u00fal-Alegre-de-Sp.-Am\u00e9rica-a-su-lado-A.-S\u00e1nchez-y-H.-Cejas.jpg 1000w, https:\/\/eldiariodesanpedro.com.ar\/sitio\/wp-content\/uploads\/2018\/10\/Ra\u00fal-Alegre-de-Sp.-Am\u00e9rica-a-su-lado-A.-S\u00e1nchez-y-H.-Cejas-300x225.jpg 300w, https:\/\/eldiariodesanpedro.com.ar\/sitio\/wp-content\/uploads\/2018\/10\/Ra\u00fal-Alegre-de-Sp.-Am\u00e9rica-a-su-lado-A.-S\u00e1nchez-y-H.-Cejas-768x576.jpg 768w\" data-sizes=\"(max-width: 640px) 100vw, 640px\" data-attachment-id=\"41217\" data-permalink=\"https:\/\/eldiariodesanpedro.com.ar\/sitio\/liga-deportiva-sampedrina-anuncio-la-realizacion-de-una-prueba-atletica-y-apoyo-a-distintos-deportes\/raul-alegre-de-sp-america-a-su-lado-a-sanchez-y-h-cejas\/\" data-orig-file=\"https:\/\/eldiariodesanpedro.com.ar\/sitio\/wp-content\/uploads\/2018\/10\/Ra\u00fal-Alegre-de-Sp.-Am\u00e9rica-a-su-lado-A.-S\u00e1nchez-y-H.-Cejas.jpg\" data-orig-size=\"1000,750\" data-comments-opened=\"1\" data-image-meta=\"{&quot;aperture&quot;:&quot;2.8&quot;,&quot;credit&quot;:&quot;&quot;,&quot;camera&quot;:&quot;KODAK EASYSHARE M753 ZOOM DIGITAL CAMERA&quot;,&quot;caption&quot;:&quot;&quot;,&quot;created_timestamp&quot;:&quot;1167918754&quot;,&quot;copyright&quot;:&quot;&quot;,&quot;focal_length&quot;:&quot;6.2&quot;,&quot;iso&quot;:&quot;200&quot;,&quot;shutter_speed&quot;:&quot;0.015625&quot;,&quot;title&quot;:&quot;&quot;,&quot;orientation&quot;:&quot;0&quot;}\" data-image-title=\"Ra\u00fal Alegre de Sp. Am\u00e9rica, a su lado A. S\u00e1nchez y H. Cejas\" data-image-description=\"\" data-image-caption=\"\" data-large-file=\"https:\/\/eldiariodesanpedro.com.ar\/sitio\/wp-content\/uploads\/2018\/10\/Ra\u00fal-Alegre-de-Sp.-Am\u00e9rica-a-su-lado-A.-S\u00e1nchez-y-H.-Cejas.jpg\" src=\"data:image\/svg+xml;base64,PHN2ZyB3aWR0aD0iMSIgaGVpZ2h0PSIxIiB4bWxucz0iaHR0cDovL3d3dy53My5vcmcvMjAwMC9zdmciPjwvc3ZnPg==\" style=\"--smush-placeholder-width: 640px; --smush-placeholder-aspect-ratio: 640\/480;\" \/><\/a>\n\t\t\t<\/div><\/figure>\n\t\t<\/div>\n\n","protected":false},"excerpt":{"rendered":"<p>En conferencia de prensa, las autoridades de la Liga Deportiva Sampedrina anunciaron que a la brevedad distintas disciplinas ser\u00e1n parte de la misma. En diciembre una prueba atl\u00e9tica por calles de la ciudad de 8km. \u201cSiempre las puertas est\u00e1n abiertas para todos aquellos que tengan inquietud de formar una comisi\u00f3n de apoyo a diferentes deportes\u201d [&hellip;]<\/p>\n","protected":false},"author":4,"featured_media":41216,"comment_status":"open","ping_status":"closed","sticky":false,"template":"","format":"standard","meta":{"om_disable_all_campaigns":false,"_jetpack_memberships_contains_paid_content":false,"footnotes":""},"categories":[5],"tags":[],"class_list":["post-41212","post","type-post","status-publish","format-standard","has-post-thumbnail","hentry","category-deportes"],"aioseo_notices":[],"gutentor_comment":0,"jetpack_featured_media_url":"https:\/\/eldiariodesanpedro.com.ar\/sitio\/wp-content\/uploads\/2018\/10\/Hugo-Cejas-junto-a-dem\u00e1s-dirigentes-liguistas.jpg","jetpack_shortlink":"https:\/\/wp.me\/p6RhLt-aII","jetpack_sharing_enabled":true,"_links":{"self":[{"href":"https:\/\/eldiariodesanpedro.com.ar\/sitio\/wp-json\/wp\/v2\/posts\/41212","targetHints":{"allow":["GET"]}}],"collection":[{"href":"https:\/\/eldiariodesanpedro.com.ar\/sitio\/wp-json\/wp\/v2\/posts"}],"about":[{"href":"https:\/\/eldiariodesanpedro.com.ar\/sitio\/wp-json\/wp\/v2\/types\/post"}],"author":[{"embeddable":true,"href":"https:\/\/eldiariodesanpedro.com.ar\/sitio\/wp-json\/wp\/v2\/users\/4"}],"replies":[{"embeddable":true,"href":"https:\/\/eldiariodesanpedro.com.ar\/sitio\/wp-json\/wp\/v2\/comments?post=41212"}],"version-history":[{"count":1,"href":"https:\/\/eldiariodesanpedro.com.ar\/sitio\/wp-json\/wp\/v2\/posts\/41212\/revisions"}],"predecessor-version":[{"id":41219,"href":"https:\/\/eldiariodesanpedro.com.ar\/sitio\/wp-json\/wp\/v2\/posts\/41212\/revisions\/41219"}],"wp:featuredmedia":[{"embeddable":true,"href":"https:\/\/eldiariodesanpedro.com.ar\/sitio\/wp-json\/wp\/v2\/media\/41216"}],"wp:attachment":[{"href":"https:\/\/eldiariodesanpedro.com.ar\/sitio\/wp-json\/wp\/v2\/media?parent=41212"}],"wp:term":[{"taxonomy":"category","embeddable":true,"href":"https:\/\/eldiariodesanpedro.com.ar\/sitio\/wp-json\/wp\/v2\/categories?post=41212"},{"taxonomy":"post_tag","embeddable":true,"href":"https:\/\/eldiariodesanpedro.com.ar\/sitio\/wp-json\/wp\/v2\/tags?post=41212"}],"curies":[{"name":"wp","href":"https:\/\/api.w.org\/{rel}","templated":true}]}}