{"id":41209,"date":"2018-10-02T20:40:00","date_gmt":"2018-10-02T23:40:00","guid":{"rendered":"https:\/\/eldiariodesanpedro.com.ar\/sitio\/?p=41209"},"modified":"2026-01-24T00:10:49","modified_gmt":"2026-01-24T03:10:49","slug":"torneo-de-selecciones-nacional-sub-15-de-futbol","status":"publish","type":"post","link":"https:\/\/eldiariodesanpedro.com.ar\/sitio\/torneo-de-selecciones-nacional-sub-15-de-futbol\/","title":{"rendered":"TORNEO DE SELECCIONES: Nacional Sub 15 de f\u00fatbol"},"content":{"rendered":"<p><!-- VideographyWP Plugin Message: Automatic video embedding prevented by plugin options. --><br \/>\nLos partidos revanchas de cuartos de final no se disputar\u00e1n esta semana debido al viaje de los chicos a la final de los Juegos Bonaerenses. As\u00ed lo hizo conocer Federaci\u00f3n Norte, quien coordina la primera etapa.<\/p>\n<p><em>  En los cotejos de ida estos fueron los resultados:<\/em><\/p>\n<p>Pergamino 1 &#8211; San Nicol\u00e1s 3<br \/>\nZ\u00e1rate 1 &#8211; San Antonio de Areco 1<br \/>\nGral. Arenales 0 &#8211; Chivilcoy 0<br \/>\nRojas 1 &#8211; Jun\u00edn 2<\/p>\n","protected":false},"excerpt":{"rendered":"<p>Los partidos revanchas de cuartos de final no se disputar\u00e1n esta semana debido al viaje de los chicos a la final de los Juegos Bonaerenses. As\u00ed lo hizo conocer Federaci\u00f3n Norte, quien coordina la primera etapa. En los cotejos de ida estos fueron los resultados: Pergamino 1 &#8211; San Nicol\u00e1s 3 Z\u00e1rate 1 &#8211; San [&hellip;]<\/p>\n","protected":false},"author":4,"featured_media":35528,"comment_status":"open","ping_status":"closed","sticky":false,"template":"","format":"standard","meta":{"om_disable_all_campaigns":false,"_jetpack_memberships_contains_paid_content":false,"footnotes":""},"categories":[5],"tags":[],"class_list":["post-41209","post","type-post","status-publish","format-standard","has-post-thumbnail","hentry","category-deportes"],"aioseo_notices":[],"gutentor_comment":0,"jetpack_featured_media_url":"https:\/\/eldiariodesanpedro.com.ar\/sitio\/wp-content\/uploads\/2018\/06\/futbol-5.jpg","jetpack_shortlink":"https:\/\/wp.me\/p6RhLt-aIF","jetpack_sharing_enabled":true,"_links":{"self":[{"href":"https:\/\/eldiariodesanpedro.com.ar\/sitio\/wp-json\/wp\/v2\/posts\/41209","targetHints":{"allow":["GET"]}}],"collection":[{"href":"https:\/\/eldiariodesanpedro.com.ar\/sitio\/wp-json\/wp\/v2\/posts"}],"about":[{"href":"https:\/\/eldiariodesanpedro.com.ar\/sitio\/wp-json\/wp\/v2\/types\/post"}],"author":[{"embeddable":true,"href":"https:\/\/eldiariodesanpedro.com.ar\/sitio\/wp-json\/wp\/v2\/users\/4"}],"replies":[{"embeddable":true,"href":"https:\/\/eldiariodesanpedro.com.ar\/sitio\/wp-json\/wp\/v2\/comments?post=41209"}],"version-history":[{"count":2,"href":"https:\/\/eldiariodesanpedro.com.ar\/sitio\/wp-json\/wp\/v2\/posts\/41209\/revisions"}],"predecessor-version":[{"id":41214,"href":"https:\/\/eldiariodesanpedro.com.ar\/sitio\/wp-json\/wp\/v2\/posts\/41209\/revisions\/41214"}],"wp:featuredmedia":[{"embeddable":true,"href":"https:\/\/eldiariodesanpedro.com.ar\/sitio\/wp-json\/wp\/v2\/media\/35528"}],"wp:attachment":[{"href":"https:\/\/eldiariodesanpedro.com.ar\/sitio\/wp-json\/wp\/v2\/media?parent=41209"}],"wp:term":[{"taxonomy":"category","embeddable":true,"href":"https:\/\/eldiariodesanpedro.com.ar\/sitio\/wp-json\/wp\/v2\/categories?post=41209"},{"taxonomy":"post_tag","embeddable":true,"href":"https:\/\/eldiariodesanpedro.com.ar\/sitio\/wp-json\/wp\/v2\/tags?post=41209"}],"curies":[{"name":"wp","href":"https:\/\/api.w.org\/{rel}","templated":true}]}}