{"id":41201,"date":"2018-10-02T20:36:30","date_gmt":"2018-10-02T23:36:30","guid":{"rendered":"https:\/\/eldiariodesanpedro.com.ar\/sitio\/?p=41201"},"modified":"2018-10-02T20:36:30","modified_gmt":"2018-10-02T23:36:30","slug":"zarate-reclamos-por-la-quema-indiscriminada-de-residuos","status":"publish","type":"post","link":"https:\/\/eldiariodesanpedro.com.ar\/sitio\/zarate-reclamos-por-la-quema-indiscriminada-de-residuos\/","title":{"rendered":"Z\u00c1RATE: Reclamos por la quema indiscriminada de residuos"},"content":{"rendered":"<p><!-- VideographyWP Plugin Message: Automatic video embedding prevented by plugin options. --><br \/>\nEn los m\u00e1rgenes del casco urbano de la ciudad muchos vecinos muestran una larga lista de reclamos, exhibiendo estar al d\u00eda con todos los impuestos, pero vivir en las peores condiciones en la que un frentista lo puede hacer.<\/p>\n<p>  No ingresan las ambulancias por el estado de las calles, el cual empeora cada vez que llueve; no tienen iluminaci\u00f3n; no hay l\u00edneas de transporte cercanas, solamente en la avenida Ant\u00e1rtida Argentina hacia el oeste, Ruta 6 hacia el sur, y barrio Pitrau hacia el suroeste. Se escuchan tiros todas las noches; y eligen no salir luego de las 22 horas por temor a los motochorros o cualquier otro tipo de delito.<br \/>\n  Uno de estos m\u00e1rgenes se ubica en Calle 62 y G\u00fcemes, donde existe un conflicto grande con la basura dado que prolifera en sus inmediaciones un gran basural, que al ritmo que muestra superar\u00e1 en poco tiempo el tama\u00f1o de una manzana.<br \/>\n  El basural es visitado todos los d\u00edas por recuperadores urbanos, ni\u00f1os y otros vecinos, en busca de algo que pueda servir para reciclar. Pisan cenizas de la quema del d\u00eda anterior, silban a los perros para que no se vayan lejos persiguiendo una rata o, caso contrario, festejan cuando lo hacen.<\/p>\n<p>LA QUEMA<br \/>\n  Todas las noches, y desde las 19 horas, vecinos queman basura indiscriminadamente. Esto fue advertido por otros frentistas que varias veces recriminaron a estos vecinos su accionar, pero sucede lo de siempre, una discusi\u00f3n que luego deriva en agresiones verbales y hasta f\u00edsicas. Como si no existiese un Estado.<br \/>\n  Unos dicen que es la \u00fanica manera \u201ceficiente\u201d que encuentran para que no haya m\u00e1s basura y m\u00e1s ratas. Otro grupo los increpa reclam\u00e1ndoles que caminen hacia la calle Lintridis para que sea recolectada por el cami\u00f3n, pero el segundo grupo se niega, y vuelven a quemar basura alimentando el humo negro con pallets. Luego m\u00e1s agresiones verbales. Una persona intercede tratando de calmar los \u00e1nimos y llevando los justos reclamos hacia las viviendas. Finalmente llaman a DPU para denunciar la quema de basura y sucede que el m\u00f3vil nunca llega a estas latitudes.<br \/>\n  Es que para los vecinos de este barrio, que podr\u00eda llamarse Cementerio aunque no tiene nombre, no existe el Estado. Los propios frentistas reconocen que viven como si no existiera el municipio pese a que han hecho varios reclamos mediante una oficina del vecino que no brinda respuestas.<br \/>\n  En este sentido no les queda otra opci\u00f3n que lidiar con otros vecinos para que dejen de quemar basura, una pr\u00e1ctica que genera un humo con gran cantidad de sustancias qu\u00edmicas da\u00f1inas para el hombre y contaminantes para el ambiente.<br \/>\n  Todos los atardeceres para estos vecinos se mezclan con el humo negro, y el pr\u00f3ximo d\u00eda comienza con la sensaci\u00f3n de haber inhalado ese mismo humo toda la madrugada.<\/p>\n<p>Fuente: Diario La Voz de Z\u00e1rate<\/p>\n","protected":false},"excerpt":{"rendered":"<p>En los m\u00e1rgenes del casco urbano de la ciudad muchos vecinos muestran una larga lista de reclamos, exhibiendo estar al d\u00eda con todos los impuestos, pero vivir en las peores condiciones en la que un frentista lo puede hacer. No ingresan las ambulancias por el estado de las calles, el cual empeora cada vez que [&hellip;]<\/p>\n","protected":false},"author":4,"featured_media":41205,"comment_status":"open","ping_status":"closed","sticky":false,"template":"","format":"standard","meta":{"om_disable_all_campaigns":false,"_jetpack_memberships_contains_paid_content":false,"footnotes":""},"categories":[621],"tags":[],"class_list":["post-41201","post","type-post","status-publish","format-standard","has-post-thumbnail","hentry","category-regionales"],"aioseo_notices":[],"gutentor_comment":0,"jetpack_featured_media_url":"https:\/\/eldiariodesanpedro.com.ar\/sitio\/wp-content\/uploads\/2018\/10\/Reclamos-por-la-quema-indiscriminada-de-residuos.jpeg","jetpack_shortlink":"https:\/\/wp.me\/p6RhLt-aIx","jetpack_sharing_enabled":true,"_links":{"self":[{"href":"https:\/\/eldiariodesanpedro.com.ar\/sitio\/wp-json\/wp\/v2\/posts\/41201","targetHints":{"allow":["GET"]}}],"collection":[{"href":"https:\/\/eldiariodesanpedro.com.ar\/sitio\/wp-json\/wp\/v2\/posts"}],"about":[{"href":"https:\/\/eldiariodesanpedro.com.ar\/sitio\/wp-json\/wp\/v2\/types\/post"}],"author":[{"embeddable":true,"href":"https:\/\/eldiariodesanpedro.com.ar\/sitio\/wp-json\/wp\/v2\/users\/4"}],"replies":[{"embeddable":true,"href":"https:\/\/eldiariodesanpedro.com.ar\/sitio\/wp-json\/wp\/v2\/comments?post=41201"}],"version-history":[{"count":1,"href":"https:\/\/eldiariodesanpedro.com.ar\/sitio\/wp-json\/wp\/v2\/posts\/41201\/revisions"}],"predecessor-version":[{"id":41206,"href":"https:\/\/eldiariodesanpedro.com.ar\/sitio\/wp-json\/wp\/v2\/posts\/41201\/revisions\/41206"}],"wp:featuredmedia":[{"embeddable":true,"href":"https:\/\/eldiariodesanpedro.com.ar\/sitio\/wp-json\/wp\/v2\/media\/41205"}],"wp:attachment":[{"href":"https:\/\/eldiariodesanpedro.com.ar\/sitio\/wp-json\/wp\/v2\/media?parent=41201"}],"wp:term":[{"taxonomy":"category","embeddable":true,"href":"https:\/\/eldiariodesanpedro.com.ar\/sitio\/wp-json\/wp\/v2\/categories?post=41201"},{"taxonomy":"post_tag","embeddable":true,"href":"https:\/\/eldiariodesanpedro.com.ar\/sitio\/wp-json\/wp\/v2\/tags?post=41201"}],"curies":[{"name":"wp","href":"https:\/\/api.w.org\/{rel}","templated":true}]}}