{"id":41199,"date":"2018-10-02T20:35:16","date_gmt":"2018-10-02T23:35:16","guid":{"rendered":"https:\/\/eldiariodesanpedro.com.ar\/sitio\/?p=41199"},"modified":"2018-10-02T20:35:16","modified_gmt":"2018-10-02T23:35:16","slug":"juegos-bonaerenses-campana-consiguio-dos-medallas-mas","status":"publish","type":"post","link":"https:\/\/eldiariodesanpedro.com.ar\/sitio\/juegos-bonaerenses-campana-consiguio-dos-medallas-mas\/","title":{"rendered":"Juegos Bonaerenses: Campana consigui\u00f3 dos medallas m\u00e1s"},"content":{"rendered":"<p><!-- VideographyWP Plugin Message: Automatic video embedding prevented by plugin options. --><br \/>\nLos deportistas campanenses siguen sumando logros en la final de los Juegos Bonaerenses.<\/p>\n<p>  Los deportistas de la ciudad de Campana ya suman cuatro medallas en general. Ariana G\u00f3mez se ubic\u00f3 en el segundo puesto en 80 metros con vallas y Francisco G\u00f3mez se colg\u00f3 el bronce.<br \/>\n  En el segundo d\u00eda de competencia, los deportistas que cuentan con el apoyo de la Secretar\u00eda de Desarrollo Social y H\u00e1bitat, por medio de la Direcci\u00f3n de Deportes, obtuvieron dos medallas m\u00e1s y ya suman cuatro en total (una de oro, una de plata y dos de bronce).<br \/>\n  En la jornada del lunes, los representantes de la ciudad se destacaron en atletismo ya que ambas se consiguieron en esa disciplina. La primera de Plata fue obtenida por Ariana G\u00f3mez, quien qued\u00f3 segunda en 80 metros con vallas -categor\u00eda menores-.<br \/>\n  Adem\u00e1s, Francisco G\u00f3mez qued\u00f3 tercero en lanzamiento de bala y consigui\u00f3 subirse al podio.<br \/>\n  Tambi\u00e9n tuvo actividad el equipo femenino de hockey que venci\u00f3 a Moreno por 3 a 1. Luego de debutar con un empate, se recuperaron y deber\u00e1n jugar el \u00faltimo partido de la fase ante Tornquist para definir el mejor de la zona.<br \/>\n  Otros de los que contin\u00faan por la senda del triunfo fueron las formaciones de v\u00f3ley. El Sub18 venci\u00f3 en sets corrido a Bolivar por 25-14 y 28-8; y el Sub15 derrot\u00f3 a Monte Hermoso por 25-24 y 25-8.<br \/>\n  En tanto que tambi\u00e9n tuvieron actividad Iv\u00e1n Rossi en ajedrez, Francisco Crosio en tenis, el equipo de handball, f\u00fatbol, taba, b\u00e1squet adaptado, boccia y beach v\u00f3ley.<br \/>\n  En Cultura, en tanto, Rita Keegan particip\u00f3 en cocina (postre) y este mi\u00e9rcoles se conocer\u00e1n los resultados. Y en canto, Bettina Cecepa tuvo un buen desempe\u00f1o, aunque no lleg\u00f3 al podio.<\/p>\n<p>Fuente: Enlace Cr\u00edtico<\/p>\n","protected":false},"excerpt":{"rendered":"<p>Los deportistas campanenses siguen sumando logros en la final de los Juegos Bonaerenses. Los deportistas de la ciudad de Campana ya suman cuatro medallas en general. Ariana G\u00f3mez se ubic\u00f3 en el segundo puesto en 80 metros con vallas y Francisco G\u00f3mez se colg\u00f3 el bronce. En el segundo d\u00eda de competencia, los deportistas que [&hellip;]<\/p>\n","protected":false},"author":4,"featured_media":41202,"comment_status":"open","ping_status":"closed","sticky":false,"template":"","format":"standard","meta":{"om_disable_all_campaigns":false,"_jetpack_memberships_contains_paid_content":false,"footnotes":""},"categories":[621],"tags":[],"class_list":["post-41199","post","type-post","status-publish","format-standard","has-post-thumbnail","hentry","category-regionales"],"aioseo_notices":[],"gutentor_comment":0,"jetpack_featured_media_url":"https:\/\/eldiariodesanpedro.com.ar\/sitio\/wp-content\/uploads\/2018\/10\/Ariana-G\u00f3mez-consigui\u00f3-la-medalla-de-plata.jpg","jetpack_shortlink":"https:\/\/wp.me\/p6RhLt-aIv","jetpack_sharing_enabled":true,"_links":{"self":[{"href":"https:\/\/eldiariodesanpedro.com.ar\/sitio\/wp-json\/wp\/v2\/posts\/41199","targetHints":{"allow":["GET"]}}],"collection":[{"href":"https:\/\/eldiariodesanpedro.com.ar\/sitio\/wp-json\/wp\/v2\/posts"}],"about":[{"href":"https:\/\/eldiariodesanpedro.com.ar\/sitio\/wp-json\/wp\/v2\/types\/post"}],"author":[{"embeddable":true,"href":"https:\/\/eldiariodesanpedro.com.ar\/sitio\/wp-json\/wp\/v2\/users\/4"}],"replies":[{"embeddable":true,"href":"https:\/\/eldiariodesanpedro.com.ar\/sitio\/wp-json\/wp\/v2\/comments?post=41199"}],"version-history":[{"count":2,"href":"https:\/\/eldiariodesanpedro.com.ar\/sitio\/wp-json\/wp\/v2\/posts\/41199\/revisions"}],"predecessor-version":[{"id":41204,"href":"https:\/\/eldiariodesanpedro.com.ar\/sitio\/wp-json\/wp\/v2\/posts\/41199\/revisions\/41204"}],"wp:featuredmedia":[{"embeddable":true,"href":"https:\/\/eldiariodesanpedro.com.ar\/sitio\/wp-json\/wp\/v2\/media\/41202"}],"wp:attachment":[{"href":"https:\/\/eldiariodesanpedro.com.ar\/sitio\/wp-json\/wp\/v2\/media?parent=41199"}],"wp:term":[{"taxonomy":"category","embeddable":true,"href":"https:\/\/eldiariodesanpedro.com.ar\/sitio\/wp-json\/wp\/v2\/categories?post=41199"},{"taxonomy":"post_tag","embeddable":true,"href":"https:\/\/eldiariodesanpedro.com.ar\/sitio\/wp-json\/wp\/v2\/tags?post=41199"}],"curies":[{"name":"wp","href":"https:\/\/api.w.org\/{rel}","templated":true}]}}