{"id":41196,"date":"2018-10-02T20:32:46","date_gmt":"2018-10-02T23:32:46","guid":{"rendered":"https:\/\/eldiariodesanpedro.com.ar\/sitio\/?p=41196"},"modified":"2018-10-02T20:32:46","modified_gmt":"2018-10-02T23:32:46","slug":"ramallo-para-nosotros-la-educacion-es-primordial-afirmo-poletti","status":"publish","type":"post","link":"https:\/\/eldiariodesanpedro.com.ar\/sitio\/ramallo-para-nosotros-la-educacion-es-primordial-afirmo-poletti\/","title":{"rendered":"RAMALLO: \u201cPara nosotros la educaci\u00f3n es primordial\u201d, afirm\u00f3 Poletti"},"content":{"rendered":"<p><!-- VideographyWP Plugin Message: Automatic video embedding prevented by plugin options. --><br \/>\nEl Intendente de Ramallo visit\u00f3 junto a alumnos de la Escuela Secundaria N\u00b0 6 el predio donde se construye el edificio propio de la instituci\u00f3n.<\/p>\n<p>  Alumnos de la Escuela Secundaria N\u00b0 6 \u201cJorge Luis Borges\u201d junto a su directora, Mar\u00eda Laura Vaz y parte del cuerpo docente de la instituci\u00f3n, visitaron el predio donde avanza la construcci\u00f3n del futuro establecimiento educativo propio -actualmente funciona a contra turno en el edificio de la Escuela Primaria N\u00b0 3 \u201cDomingo Faustino Sarmiento\u201d-.<br \/>\n  Al respecto, el intendente Mauro Poletti -quien tambi\u00e9n form\u00f3 parte del recorrido- destac\u00f3: \u201cCreemos que su propia Escuela estar\u00e1 terminada a mitad del a\u00f1o que viene, si algunos factores lo permiten como por ejemplo el clim\u00e1tico o el econ\u00f3mico\u201d, sostuvo.<br \/>\n  \u201cNo s\u00f3lo nos abocamos a la construcci\u00f3n de la escuela sino tambi\u00e9n de dotar de servicios al barrio. Por eso la idea tambi\u00e9n es realizar pavimento, ya que si llueve llegar a la escuela se dificulta. Queremos jerarquizar la zona\u201d, asegur\u00f3.<br \/>\n  \u201cPara nosotros la educaci\u00f3n es primordial, por eso trajimos por primera vez en la historia de Ramallo carreras universitarias gratuitas y libre para todos los habitantes del Partido y la regi\u00f3n\u201d, subray\u00f3.<\/p>\n<p>Fuente: Grupo La Provincia<\/p>\n","protected":false},"excerpt":{"rendered":"<p>El Intendente de Ramallo visit\u00f3 junto a alumnos de la Escuela Secundaria N\u00b0 6 el predio donde se construye el edificio propio de la instituci\u00f3n. Alumnos de la Escuela Secundaria N\u00b0 6 \u201cJorge Luis Borges\u201d junto a su directora, Mar\u00eda Laura Vaz y parte del cuerpo docente de la instituci\u00f3n, visitaron el predio donde avanza [&hellip;]<\/p>\n","protected":false},"author":4,"featured_media":41198,"comment_status":"open","ping_status":"closed","sticky":false,"template":"","format":"standard","meta":{"om_disable_all_campaigns":false,"_jetpack_memberships_contains_paid_content":false,"footnotes":""},"categories":[621],"tags":[],"class_list":["post-41196","post","type-post","status-publish","format-standard","has-post-thumbnail","hentry","category-regionales"],"aioseo_notices":[],"gutentor_comment":0,"jetpack_featured_media_url":"https:\/\/eldiariodesanpedro.com.ar\/sitio\/wp-content\/uploads\/2018\/10\/Para-nosotros-la-educaci\u00f3n-es-primordial-afirm\u00f3-Poletti.jpg","jetpack_shortlink":"https:\/\/wp.me\/p6RhLt-aIs","jetpack_sharing_enabled":true,"_links":{"self":[{"href":"https:\/\/eldiariodesanpedro.com.ar\/sitio\/wp-json\/wp\/v2\/posts\/41196","targetHints":{"allow":["GET"]}}],"collection":[{"href":"https:\/\/eldiariodesanpedro.com.ar\/sitio\/wp-json\/wp\/v2\/posts"}],"about":[{"href":"https:\/\/eldiariodesanpedro.com.ar\/sitio\/wp-json\/wp\/v2\/types\/post"}],"author":[{"embeddable":true,"href":"https:\/\/eldiariodesanpedro.com.ar\/sitio\/wp-json\/wp\/v2\/users\/4"}],"replies":[{"embeddable":true,"href":"https:\/\/eldiariodesanpedro.com.ar\/sitio\/wp-json\/wp\/v2\/comments?post=41196"}],"version-history":[{"count":1,"href":"https:\/\/eldiariodesanpedro.com.ar\/sitio\/wp-json\/wp\/v2\/posts\/41196\/revisions"}],"predecessor-version":[{"id":41200,"href":"https:\/\/eldiariodesanpedro.com.ar\/sitio\/wp-json\/wp\/v2\/posts\/41196\/revisions\/41200"}],"wp:featuredmedia":[{"embeddable":true,"href":"https:\/\/eldiariodesanpedro.com.ar\/sitio\/wp-json\/wp\/v2\/media\/41198"}],"wp:attachment":[{"href":"https:\/\/eldiariodesanpedro.com.ar\/sitio\/wp-json\/wp\/v2\/media?parent=41196"}],"wp:term":[{"taxonomy":"category","embeddable":true,"href":"https:\/\/eldiariodesanpedro.com.ar\/sitio\/wp-json\/wp\/v2\/categories?post=41196"},{"taxonomy":"post_tag","embeddable":true,"href":"https:\/\/eldiariodesanpedro.com.ar\/sitio\/wp-json\/wp\/v2\/tags?post=41196"}],"curies":[{"name":"wp","href":"https:\/\/api.w.org\/{rel}","templated":true}]}}