{"id":41192,"date":"2018-10-02T20:31:07","date_gmt":"2018-10-02T23:31:07","guid":{"rendered":"https:\/\/eldiariodesanpedro.com.ar\/sitio\/?p=41192"},"modified":"2018-10-02T20:31:07","modified_gmt":"2018-10-02T23:31:07","slug":"zarate-balearon-a-un-joven-de-23-anos-en-un-intento-de-robo","status":"publish","type":"post","link":"https:\/\/eldiariodesanpedro.com.ar\/sitio\/zarate-balearon-a-un-joven-de-23-anos-en-un-intento-de-robo\/","title":{"rendered":"Z\u00c1RATE: Balearon a un joven de 23 a\u00f1os en un intento de robo"},"content":{"rendered":"<p><!-- VideographyWP Plugin Message: Automatic video embedding prevented by plugin options. --><br \/>\nUn joven de 23 a\u00f1os fue baleado antenoche en Hip\u00f3lito Yrigoyen y 1ro de Mayo en Z\u00e1rate.<\/p>\n<p>  Fuentes consultadas por este medio precisaron que el muchacho hab\u00eda coordinado una venta en inmediaciones de barrio Matadero.<br \/>\n  All\u00ed fue sorprendido por dos desconocidos, que bajo amenazas le sustrajeron una moto marca Guerrero y en la fuga le dispararon. El proyectil impact\u00f3 en su gl\u00fateo derecho.<br \/>\n  La ambulancia del SEMU traslad\u00f3 a la v\u00edctima al Hospital Virgen del Carmen, donde se encuentra internado y fuera de peligro.<\/p>\n<p>Fuente: Enlace Cr\u00edtico<\/p>\n","protected":false},"excerpt":{"rendered":"<p>Un joven de 23 a\u00f1os fue baleado antenoche en Hip\u00f3lito Yrigoyen y 1ro de Mayo en Z\u00e1rate. Fuentes consultadas por este medio precisaron que el muchacho hab\u00eda coordinado una venta en inmediaciones de barrio Matadero. All\u00ed fue sorprendido por dos desconocidos, que bajo amenazas le sustrajeron una moto marca Guerrero y en la fuga le [&hellip;]<\/p>\n","protected":false},"author":4,"featured_media":41193,"comment_status":"open","ping_status":"closed","sticky":false,"template":"","format":"standard","meta":{"om_disable_all_campaigns":false,"_jetpack_memberships_contains_paid_content":false,"footnotes":""},"categories":[621],"tags":[],"class_list":["post-41192","post","type-post","status-publish","format-standard","has-post-thumbnail","hentry","category-regionales"],"aioseo_notices":[],"gutentor_comment":0,"jetpack_featured_media_url":"https:\/\/eldiariodesanpedro.com.ar\/sitio\/wp-content\/uploads\/2018\/10\/el-SEMU-llev\u00f3-a-la-v\u00edctima-al-Hospital.jpg","jetpack_shortlink":"https:\/\/wp.me\/p6RhLt-aIo","jetpack_sharing_enabled":true,"_links":{"self":[{"href":"https:\/\/eldiariodesanpedro.com.ar\/sitio\/wp-json\/wp\/v2\/posts\/41192","targetHints":{"allow":["GET"]}}],"collection":[{"href":"https:\/\/eldiariodesanpedro.com.ar\/sitio\/wp-json\/wp\/v2\/posts"}],"about":[{"href":"https:\/\/eldiariodesanpedro.com.ar\/sitio\/wp-json\/wp\/v2\/types\/post"}],"author":[{"embeddable":true,"href":"https:\/\/eldiariodesanpedro.com.ar\/sitio\/wp-json\/wp\/v2\/users\/4"}],"replies":[{"embeddable":true,"href":"https:\/\/eldiariodesanpedro.com.ar\/sitio\/wp-json\/wp\/v2\/comments?post=41192"}],"version-history":[{"count":1,"href":"https:\/\/eldiariodesanpedro.com.ar\/sitio\/wp-json\/wp\/v2\/posts\/41192\/revisions"}],"predecessor-version":[{"id":41197,"href":"https:\/\/eldiariodesanpedro.com.ar\/sitio\/wp-json\/wp\/v2\/posts\/41192\/revisions\/41197"}],"wp:featuredmedia":[{"embeddable":true,"href":"https:\/\/eldiariodesanpedro.com.ar\/sitio\/wp-json\/wp\/v2\/media\/41193"}],"wp:attachment":[{"href":"https:\/\/eldiariodesanpedro.com.ar\/sitio\/wp-json\/wp\/v2\/media?parent=41192"}],"wp:term":[{"taxonomy":"category","embeddable":true,"href":"https:\/\/eldiariodesanpedro.com.ar\/sitio\/wp-json\/wp\/v2\/categories?post=41192"},{"taxonomy":"post_tag","embeddable":true,"href":"https:\/\/eldiariodesanpedro.com.ar\/sitio\/wp-json\/wp\/v2\/tags?post=41192"}],"curies":[{"name":"wp","href":"https:\/\/api.w.org\/{rel}","templated":true}]}}