{"id":41190,"date":"2018-10-02T20:29:59","date_gmt":"2018-10-02T23:29:59","guid":{"rendered":"https:\/\/eldiariodesanpedro.com.ar\/sitio\/?p=41190"},"modified":"2018-10-02T20:29:59","modified_gmt":"2018-10-02T23:29:59","slug":"promocion-y-degustaciones-sampedrinas-en-la-fit","status":"publish","type":"post","link":"https:\/\/eldiariodesanpedro.com.ar\/sitio\/promocion-y-degustaciones-sampedrinas-en-la-fit\/","title":{"rendered":"Promoci\u00f3n y degustaciones sampedrinas en la FIT"},"content":{"rendered":"<p><!-- VideographyWP Plugin Message: Automatic video embedding prevented by plugin options. --><br \/>\nLa Direcci\u00f3n de Turismo de la Municipalidad de San Pedro participa hasta este martes de la edici\u00f3n 2019 de la FIT Am\u00e9rica Latina, la reuni\u00f3n de negocios m\u00e1s esperada por el turismo mundial. <\/p>\n<p>  La presencia de nuestra ciudad y sus propuestas tuvo un espacio en el stand de la Provincia de Buenos Aires junto a otras localidades del interior bonaerense.<br \/>\n  La feria comenz\u00f3 el s\u00e1bado, y este lunes la Subsecretaria de Turismo de la Provincia, Martina Pikielny visit\u00f3 el espacio sampedrino en el que dialog\u00f3 con la Directora de Turismo de San Pedro, Lic. Marcela Cu\u00f1er y con los representantes del \u00e1rea que reciben a los visitantes en el lugar. Dentro de las propuestas, se realiz\u00f3 una degustaci\u00f3n especial de productos sampedrinos con ensaimadas, naranjas, batatas, miel, dulce de ar\u00e1ndanos y cerveza artesanal. La permanente presencia en estos \u00e1mbitos sigue promoviendo v\u00ednculos con otras municipalidades con empresas que promueven salidas cortas al interior de la provincia y con potenciales inversores que reciben informaci\u00f3n sobre las condiciones y caracter\u00edsticas de una regi\u00f3n con un posicionamiento estrat\u00e9gico dentro de la Provincia de Buenos Aires.<\/p>\n","protected":false},"excerpt":{"rendered":"<p>La Direcci\u00f3n de Turismo de la Municipalidad de San Pedro participa hasta este martes de la edici\u00f3n 2019 de la FIT Am\u00e9rica Latina, la reuni\u00f3n de negocios m\u00e1s esperada por el turismo mundial. La presencia de nuestra ciudad y sus propuestas tuvo un espacio en el stand de la Provincia de Buenos Aires junto a [&hellip;]<\/p>\n","protected":false},"author":4,"featured_media":41191,"comment_status":"open","ping_status":"closed","sticky":false,"template":"","format":"standard","meta":{"om_disable_all_campaigns":false,"_jetpack_memberships_contains_paid_content":false,"footnotes":""},"categories":[101,2],"tags":[],"class_list":["post-41190","post","type-post","status-publish","format-standard","has-post-thumbnail","hentry","category-interes-general-locales","category-locales"],"aioseo_notices":[],"gutentor_comment":0,"jetpack_featured_media_url":"https:\/\/eldiariodesanpedro.com.ar\/sitio\/wp-content\/uploads\/2018\/10\/Nuestra-ciudad-tuvo-un-espacio-en-el-stand-de-la-PBA.jpg","jetpack_shortlink":"https:\/\/wp.me\/p6RhLt-aIm","jetpack_sharing_enabled":true,"_links":{"self":[{"href":"https:\/\/eldiariodesanpedro.com.ar\/sitio\/wp-json\/wp\/v2\/posts\/41190","targetHints":{"allow":["GET"]}}],"collection":[{"href":"https:\/\/eldiariodesanpedro.com.ar\/sitio\/wp-json\/wp\/v2\/posts"}],"about":[{"href":"https:\/\/eldiariodesanpedro.com.ar\/sitio\/wp-json\/wp\/v2\/types\/post"}],"author":[{"embeddable":true,"href":"https:\/\/eldiariodesanpedro.com.ar\/sitio\/wp-json\/wp\/v2\/users\/4"}],"replies":[{"embeddable":true,"href":"https:\/\/eldiariodesanpedro.com.ar\/sitio\/wp-json\/wp\/v2\/comments?post=41190"}],"version-history":[{"count":1,"href":"https:\/\/eldiariodesanpedro.com.ar\/sitio\/wp-json\/wp\/v2\/posts\/41190\/revisions"}],"predecessor-version":[{"id":41194,"href":"https:\/\/eldiariodesanpedro.com.ar\/sitio\/wp-json\/wp\/v2\/posts\/41190\/revisions\/41194"}],"wp:featuredmedia":[{"embeddable":true,"href":"https:\/\/eldiariodesanpedro.com.ar\/sitio\/wp-json\/wp\/v2\/media\/41191"}],"wp:attachment":[{"href":"https:\/\/eldiariodesanpedro.com.ar\/sitio\/wp-json\/wp\/v2\/media?parent=41190"}],"wp:term":[{"taxonomy":"category","embeddable":true,"href":"https:\/\/eldiariodesanpedro.com.ar\/sitio\/wp-json\/wp\/v2\/categories?post=41190"},{"taxonomy":"post_tag","embeddable":true,"href":"https:\/\/eldiariodesanpedro.com.ar\/sitio\/wp-json\/wp\/v2\/tags?post=41190"}],"curies":[{"name":"wp","href":"https:\/\/api.w.org\/{rel}","templated":true}]}}