{"id":41188,"date":"2018-10-02T20:26:52","date_gmt":"2018-10-02T23:26:52","guid":{"rendered":"https:\/\/eldiariodesanpedro.com.ar\/sitio\/?p=41188"},"modified":"2018-10-02T20:26:52","modified_gmt":"2018-10-02T23:26:52","slug":"ampliacion-del-servicio-de-odontologia-en-el-hospital","status":"publish","type":"post","link":"https:\/\/eldiariodesanpedro.com.ar\/sitio\/ampliacion-del-servicio-de-odontologia-en-el-hospital\/","title":{"rendered":"Ampliaci\u00f3n del servicio de odontolog\u00eda en el Hospital"},"content":{"rendered":"<p><!-- VideographyWP Plugin Message: Automatic video embedding prevented by plugin options. --><br \/>\nLa Secretar\u00eda de Salud de la Municipalidad de San Pedro informa que luego de muchos a\u00f1os en el Servicio de Odontolog\u00eda que se brinda a todos los que concurren al Hospital Emilio Ruffa, se han comenzado a efectuar tratamientos de caries utilizando procedimientos, materiales e insumos del mismo nivel que se emplean en consultorios privados. <\/p>\n<p>  Por diferentes motivos el cuidado de la salud bucal de la poblaci\u00f3n, que no cuenta con otro respaldo que no sea el de la salud p\u00fablica, fue reduciendo su capacidad de atenci\u00f3n y por la decisi\u00f3n y gestiones de las actuales autoridades se recupera esta opci\u00f3n que contribuye tambi\u00e9n a la prevenci\u00f3n de manera efectiva.<br \/>\n  Entre otras pr\u00e1cticas se est\u00e1n efectuando arreglos de cavidades simples con turbina y resina de fotocurado, protecci\u00f3n pulpar con hidr\u00f3xido de calcio, prevenci\u00f3n con t\u00f3picos de fl\u00faor en ni\u00f1os y t\u00e9cnicas de cepillado.<br \/>\n  Compartimos esta excelente noticia para que quienes lo deseen se acerquen a solicitar los turnos correspondientes a trav\u00e9s de los canales habituales.<\/p>\n","protected":false},"excerpt":{"rendered":"<p>La Secretar\u00eda de Salud de la Municipalidad de San Pedro informa que luego de muchos a\u00f1os en el Servicio de Odontolog\u00eda que se brinda a todos los que concurren al Hospital Emilio Ruffa, se han comenzado a efectuar tratamientos de caries utilizando procedimientos, materiales e insumos del mismo nivel que se emplean en consultorios privados. [&hellip;]<\/p>\n","protected":false},"author":4,"featured_media":9457,"comment_status":"open","ping_status":"closed","sticky":false,"template":"","format":"standard","meta":{"om_disable_all_campaigns":false,"_jetpack_memberships_contains_paid_content":false,"footnotes":""},"categories":[101,2],"tags":[],"class_list":["post-41188","post","type-post","status-publish","format-standard","has-post-thumbnail","hentry","category-interes-general-locales","category-locales"],"aioseo_notices":[],"gutentor_comment":0,"jetpack_featured_media_url":"https:\/\/eldiariodesanpedro.com.ar\/sitio\/wp-content\/uploads\/2016\/10\/HOSPITAL-subzonal-san-pedro.jpg","jetpack_shortlink":"https:\/\/wp.me\/p6RhLt-aIk","jetpack_sharing_enabled":true,"_links":{"self":[{"href":"https:\/\/eldiariodesanpedro.com.ar\/sitio\/wp-json\/wp\/v2\/posts\/41188","targetHints":{"allow":["GET"]}}],"collection":[{"href":"https:\/\/eldiariodesanpedro.com.ar\/sitio\/wp-json\/wp\/v2\/posts"}],"about":[{"href":"https:\/\/eldiariodesanpedro.com.ar\/sitio\/wp-json\/wp\/v2\/types\/post"}],"author":[{"embeddable":true,"href":"https:\/\/eldiariodesanpedro.com.ar\/sitio\/wp-json\/wp\/v2\/users\/4"}],"replies":[{"embeddable":true,"href":"https:\/\/eldiariodesanpedro.com.ar\/sitio\/wp-json\/wp\/v2\/comments?post=41188"}],"version-history":[{"count":1,"href":"https:\/\/eldiariodesanpedro.com.ar\/sitio\/wp-json\/wp\/v2\/posts\/41188\/revisions"}],"predecessor-version":[{"id":41189,"href":"https:\/\/eldiariodesanpedro.com.ar\/sitio\/wp-json\/wp\/v2\/posts\/41188\/revisions\/41189"}],"wp:featuredmedia":[{"embeddable":true,"href":"https:\/\/eldiariodesanpedro.com.ar\/sitio\/wp-json\/wp\/v2\/media\/9457"}],"wp:attachment":[{"href":"https:\/\/eldiariodesanpedro.com.ar\/sitio\/wp-json\/wp\/v2\/media?parent=41188"}],"wp:term":[{"taxonomy":"category","embeddable":true,"href":"https:\/\/eldiariodesanpedro.com.ar\/sitio\/wp-json\/wp\/v2\/categories?post=41188"},{"taxonomy":"post_tag","embeddable":true,"href":"https:\/\/eldiariodesanpedro.com.ar\/sitio\/wp-json\/wp\/v2\/tags?post=41188"}],"curies":[{"name":"wp","href":"https:\/\/api.w.org\/{rel}","templated":true}]}}