{"id":41175,"date":"2018-10-02T10:59:54","date_gmt":"2018-10-02T13:59:54","guid":{"rendered":"https:\/\/eldiariodesanpedro.com.ar\/sitio\/?p=41175"},"modified":"2018-10-02T10:59:54","modified_gmt":"2018-10-02T13:59:54","slug":"la-cgt-y-cta-en-un-comunicado-acusan-a-corti-de-actitudes-intimidatorias","status":"publish","type":"post","link":"https:\/\/eldiariodesanpedro.com.ar\/sitio\/la-cgt-y-cta-en-un-comunicado-acusan-a-corti-de-actitudes-intimidatorias\/","title":{"rendered":"La CGT y CTA en un comunicado acusan a Corti de \u00abactitudes intimidatorias\u00bb"},"content":{"rendered":"<p><!-- VideographyWP Plugin Message: Automatic video embedding prevented by plugin options. --><br \/>\nA trav\u00e9s de un comunicado la CGT San Pedro y Baradero junto a la CTA denunciaron al Secretario de Gobierno Silvio Corti de \u00abactitudes intimidatorias\u00bb acus\u00e1ndolo de haber realizado interrogatorios a empleados tras haberse adherido al paro del pasado 25 de septiembre en reclamo de aperturas de paritarias.<\/p>\n<p>\u00abTras la contundente medida de fuerza convocada por las tres centrales de trabajadores  de la Argentina, realizada el d\u00eda 25 de septiembre, a la cual adhirieron los sindicatos municipales, nos encontramos con que un grupo de compa\u00f1eros fue interrogado de forma intimidatoria por el se\u00f1or secretario de gobierno Silvio Corti, cuestionando las razones por las que se plegaron a la medida de fuerza de ese d\u00eda y por haber hecho retenci\u00f3n de tareas en reclamo de la reapertura de paritarias.<br \/>\nPara variar una y otra vez muestran tal cual son realmente, pensando que la Municipalidad es su estancia y donde ellos son los \u00abpatrones\u00bb, que deciden como deben ser y hacer las cosas.<br \/>\nPasa el tiempo y todav\u00eda no son capaces de entender la esencia del empleo p\u00fablico y menos a\u00fan el buen manejo del mismo.<br \/>\nSe\u00f1or Corti, solo para tratarlo con el respeto que merece un ser humano, los trabajadores de la Municipalidad de San Pedro, no son de su propiedad, todos y cada uno desempe\u00f1an una tarea espec\u00edfica y la llevan a cabo de manera eficiente. La Municipalidad sale adelante d\u00eda a d\u00eda gracias a ellos\/as, los\/as trabajadores\/as.<br \/>\nParece que para formar parte del Departamento Ejecutivo del Se\u00f1or Intendente todos deben poseer la misma cualidad: estar en contra de los derechos de los trabajadores.<br \/>\nEsto queda cristalizado una y otra vez en la forma que abordan diversas cuestiones.<br \/>\nSolo queremos aclararle al Se\u00f1or Secretario de Gobierno, que no solo los trabajadores hicieron uso de un derecho constitucional, sino que se REPUDIA P\u00daBLICAMENTE cualquier acto de atropello no solo a los trabajadores, si no tambi\u00e9n a su dignidad y sus derechos.<br \/>\nLos trabajadores usaremos todas y cada una de las garant\u00edas y derechos constitucionales para luchar por nuestros derechos, sin dejarnos doblegar por las agresiones ni las intimidaciones\u00bb.<\/p>\n","protected":false},"excerpt":{"rendered":"<p>A trav\u00e9s de un comunicado la CGT San Pedro y Baradero junto a la CTA denunciaron al Secretario de Gobierno Silvio Corti de \u00abactitudes intimidatorias\u00bb acus\u00e1ndolo de haber realizado interrogatorios a empleados tras haberse adherido al paro del pasado 25 de septiembre en reclamo de aperturas de paritarias. \u00abTras la contundente medida de fuerza convocada [&hellip;]<\/p>\n","protected":false},"author":4,"featured_media":20042,"comment_status":"open","ping_status":"closed","sticky":false,"template":"","format":"standard","meta":{"om_disable_all_campaigns":false,"_jetpack_memberships_contains_paid_content":false,"footnotes":""},"categories":[2,102],"tags":[],"class_list":["post-41175","post","type-post","status-publish","format-standard","has-post-thumbnail","hentry","category-locales","category-politica-locales"],"aioseo_notices":[],"gutentor_comment":0,"jetpack_featured_media_url":"https:\/\/eldiariodesanpedro.com.ar\/sitio\/wp-content\/uploads\/2017\/06\/silvio-corti-2.jpg","jetpack_shortlink":"https:\/\/wp.me\/p6RhLt-aI7","jetpack_sharing_enabled":true,"_links":{"self":[{"href":"https:\/\/eldiariodesanpedro.com.ar\/sitio\/wp-json\/wp\/v2\/posts\/41175","targetHints":{"allow":["GET"]}}],"collection":[{"href":"https:\/\/eldiariodesanpedro.com.ar\/sitio\/wp-json\/wp\/v2\/posts"}],"about":[{"href":"https:\/\/eldiariodesanpedro.com.ar\/sitio\/wp-json\/wp\/v2\/types\/post"}],"author":[{"embeddable":true,"href":"https:\/\/eldiariodesanpedro.com.ar\/sitio\/wp-json\/wp\/v2\/users\/4"}],"replies":[{"embeddable":true,"href":"https:\/\/eldiariodesanpedro.com.ar\/sitio\/wp-json\/wp\/v2\/comments?post=41175"}],"version-history":[{"count":1,"href":"https:\/\/eldiariodesanpedro.com.ar\/sitio\/wp-json\/wp\/v2\/posts\/41175\/revisions"}],"predecessor-version":[{"id":41176,"href":"https:\/\/eldiariodesanpedro.com.ar\/sitio\/wp-json\/wp\/v2\/posts\/41175\/revisions\/41176"}],"wp:featuredmedia":[{"embeddable":true,"href":"https:\/\/eldiariodesanpedro.com.ar\/sitio\/wp-json\/wp\/v2\/media\/20042"}],"wp:attachment":[{"href":"https:\/\/eldiariodesanpedro.com.ar\/sitio\/wp-json\/wp\/v2\/media?parent=41175"}],"wp:term":[{"taxonomy":"category","embeddable":true,"href":"https:\/\/eldiariodesanpedro.com.ar\/sitio\/wp-json\/wp\/v2\/categories?post=41175"},{"taxonomy":"post_tag","embeddable":true,"href":"https:\/\/eldiariodesanpedro.com.ar\/sitio\/wp-json\/wp\/v2\/tags?post=41175"}],"curies":[{"name":"wp","href":"https:\/\/api.w.org\/{rel}","templated":true}]}}