{"id":41172,"date":"2018-10-02T10:44:20","date_gmt":"2018-10-02T13:44:20","guid":{"rendered":"https:\/\/eldiariodesanpedro.com.ar\/sitio\/?p=41172"},"modified":"2018-10-02T10:44:20","modified_gmt":"2018-10-02T13:44:20","slug":"buque-cargara-maiz-y-soja-en-el-puerto-de-san-pedro-este-lunes-2","status":"publish","type":"post","link":"https:\/\/eldiariodesanpedro.com.ar\/sitio\/buque-cargara-maiz-y-soja-en-el-puerto-de-san-pedro-este-lunes-2\/","title":{"rendered":"Buque cargar\u00e1 ma\u00edz y soja en el Puerto de San Pedro este lunes"},"content":{"rendered":"<p><!-- VideographyWP Plugin Message: Automatic video embedding prevented by plugin options. --><br \/>\nDesde el Consorcio de Gesti\u00f3n del Puerto San Pedro se comunic\u00f3 el arribo en el d\u00eda de mi\u00e9rcoles 03 pr\u00f3ximo, de un buque denominado \u201cV Due\u201d de bandera de Malta.<\/p>\n<p>El barco de 181 metros de eslora, procede de Brasil y operar\u00e1 en el muelle elevador, en donde cargar\u00e1 31500 Toneladas de ma\u00edz y porotos de soja con destino a Rusia.<\/p>\n","protected":false},"excerpt":{"rendered":"<p>Desde el Consorcio de Gesti\u00f3n del Puerto San Pedro se comunic\u00f3 el arribo en el d\u00eda de mi\u00e9rcoles 03 pr\u00f3ximo, de un buque denominado \u201cV Due\u201d de bandera de Malta. El barco de 181 metros de eslora, procede de Brasil y operar\u00e1 en el muelle elevador, en donde cargar\u00e1 31500 Toneladas de ma\u00edz y porotos [&hellip;]<\/p>\n","protected":false},"author":4,"featured_media":41173,"comment_status":"open","ping_status":"closed","sticky":false,"template":"","format":"standard","meta":{"om_disable_all_campaigns":false,"_jetpack_memberships_contains_paid_content":false,"footnotes":""},"categories":[101,2],"tags":[],"class_list":["post-41172","post","type-post","status-publish","format-standard","has-post-thumbnail","hentry","category-interes-general-locales","category-locales"],"aioseo_notices":[],"gutentor_comment":0,"jetpack_featured_media_url":"https:\/\/eldiariodesanpedro.com.ar\/sitio\/wp-content\/uploads\/2018\/10\/V-Due-1657113.jpg","jetpack_shortlink":"https:\/\/wp.me\/p6RhLt-aI4","jetpack_sharing_enabled":true,"_links":{"self":[{"href":"https:\/\/eldiariodesanpedro.com.ar\/sitio\/wp-json\/wp\/v2\/posts\/41172","targetHints":{"allow":["GET"]}}],"collection":[{"href":"https:\/\/eldiariodesanpedro.com.ar\/sitio\/wp-json\/wp\/v2\/posts"}],"about":[{"href":"https:\/\/eldiariodesanpedro.com.ar\/sitio\/wp-json\/wp\/v2\/types\/post"}],"author":[{"embeddable":true,"href":"https:\/\/eldiariodesanpedro.com.ar\/sitio\/wp-json\/wp\/v2\/users\/4"}],"replies":[{"embeddable":true,"href":"https:\/\/eldiariodesanpedro.com.ar\/sitio\/wp-json\/wp\/v2\/comments?post=41172"}],"version-history":[{"count":1,"href":"https:\/\/eldiariodesanpedro.com.ar\/sitio\/wp-json\/wp\/v2\/posts\/41172\/revisions"}],"predecessor-version":[{"id":41174,"href":"https:\/\/eldiariodesanpedro.com.ar\/sitio\/wp-json\/wp\/v2\/posts\/41172\/revisions\/41174"}],"wp:featuredmedia":[{"embeddable":true,"href":"https:\/\/eldiariodesanpedro.com.ar\/sitio\/wp-json\/wp\/v2\/media\/41173"}],"wp:attachment":[{"href":"https:\/\/eldiariodesanpedro.com.ar\/sitio\/wp-json\/wp\/v2\/media?parent=41172"}],"wp:term":[{"taxonomy":"category","embeddable":true,"href":"https:\/\/eldiariodesanpedro.com.ar\/sitio\/wp-json\/wp\/v2\/categories?post=41172"},{"taxonomy":"post_tag","embeddable":true,"href":"https:\/\/eldiariodesanpedro.com.ar\/sitio\/wp-json\/wp\/v2\/tags?post=41172"}],"curies":[{"name":"wp","href":"https:\/\/api.w.org\/{rel}","templated":true}]}}