{"id":41169,"date":"2018-10-02T10:32:59","date_gmt":"2018-10-02T13:32:59","guid":{"rendered":"https:\/\/eldiariodesanpedro.com.ar\/sitio\/?p=41169"},"modified":"2018-10-02T10:32:59","modified_gmt":"2018-10-02T13:32:59","slug":"111-aniversario-y-presentacion-de-la-muestra-relato-en-blanco-y-negro-desde-los-anos-60","status":"publish","type":"post","link":"https:\/\/eldiariodesanpedro.com.ar\/sitio\/111-aniversario-y-presentacion-de-la-muestra-relato-en-blanco-y-negro-desde-los-anos-60\/","title":{"rendered":"111\u00b0 aniversario y presentaci\u00f3n de la muestra \u00abRelato en Blanco y Negro desde los a\u00f1os &#8217;60\u00bb"},"content":{"rendered":"<p><!-- VideographyWP Plugin Message: Automatic video embedding prevented by plugin options. --><br \/>\nLa Comisi\u00f3n Directiva del Club N\u00e1utico San Pedro presenta con un desayuno en el Club Viejo el pr\u00f3ximo s\u00e1bado 6 de octubre a las 9, una nueva colecci\u00f3n de fotos in\u00e9ditas con im\u00e1genes y personajes de la instituci\u00f3n.  <\/p>\n<p>En el d\u00eda del 111\u00b0 aniversario, el acto en el que se reunir\u00e1n directivos e invitados, marcar\u00e1 adem\u00e1s la apertura de esta muestra denominada, \u00abEl Club seg\u00fan Mario Zapatella, Relato en blanco y negro de los a\u00f1os \u00b460\u00bb que cuenta con el soporte t\u00e9cnico del Grupo de Facebook \u201cAmigos del Club Viejo\u201d y la digitalizaci\u00f3n y selecci\u00f3n de Roberto Young. <\/p>\n<p>Adem\u00e1s en la oportunidad, se anunciar\u00e1n otras actividades planificadas, las fechas de los eventos de los pr\u00f3ximos meses y se presentar\u00e1 un an\u00e1lisis de la situaci\u00f3n actual. <\/p>\n","protected":false},"excerpt":{"rendered":"<p>La Comisi\u00f3n Directiva del Club N\u00e1utico San Pedro presenta con un desayuno en el Club Viejo el pr\u00f3ximo s\u00e1bado 6 de octubre a las 9, una nueva colecci\u00f3n de fotos in\u00e9ditas con im\u00e1genes y personajes de la instituci\u00f3n. En el d\u00eda del 111\u00b0 aniversario, el acto en el que se reunir\u00e1n directivos e invitados, marcar\u00e1 [&hellip;]<\/p>\n","protected":false},"author":4,"featured_media":41170,"comment_status":"open","ping_status":"closed","sticky":false,"template":"","format":"standard","meta":{"om_disable_all_campaigns":false,"_jetpack_memberships_contains_paid_content":false,"footnotes":""},"categories":[101,2],"tags":[],"class_list":["post-41169","post","type-post","status-publish","format-standard","has-post-thumbnail","hentry","category-interes-general-locales","category-locales"],"aioseo_notices":[],"gutentor_comment":0,"jetpack_featured_media_url":"https:\/\/eldiariodesanpedro.com.ar\/sitio\/wp-content\/uploads\/2018\/10\/111-FB.jpg","jetpack_shortlink":"https:\/\/wp.me\/p6RhLt-aI1","jetpack_sharing_enabled":true,"_links":{"self":[{"href":"https:\/\/eldiariodesanpedro.com.ar\/sitio\/wp-json\/wp\/v2\/posts\/41169","targetHints":{"allow":["GET"]}}],"collection":[{"href":"https:\/\/eldiariodesanpedro.com.ar\/sitio\/wp-json\/wp\/v2\/posts"}],"about":[{"href":"https:\/\/eldiariodesanpedro.com.ar\/sitio\/wp-json\/wp\/v2\/types\/post"}],"author":[{"embeddable":true,"href":"https:\/\/eldiariodesanpedro.com.ar\/sitio\/wp-json\/wp\/v2\/users\/4"}],"replies":[{"embeddable":true,"href":"https:\/\/eldiariodesanpedro.com.ar\/sitio\/wp-json\/wp\/v2\/comments?post=41169"}],"version-history":[{"count":1,"href":"https:\/\/eldiariodesanpedro.com.ar\/sitio\/wp-json\/wp\/v2\/posts\/41169\/revisions"}],"predecessor-version":[{"id":41171,"href":"https:\/\/eldiariodesanpedro.com.ar\/sitio\/wp-json\/wp\/v2\/posts\/41169\/revisions\/41171"}],"wp:featuredmedia":[{"embeddable":true,"href":"https:\/\/eldiariodesanpedro.com.ar\/sitio\/wp-json\/wp\/v2\/media\/41170"}],"wp:attachment":[{"href":"https:\/\/eldiariodesanpedro.com.ar\/sitio\/wp-json\/wp\/v2\/media?parent=41169"}],"wp:term":[{"taxonomy":"category","embeddable":true,"href":"https:\/\/eldiariodesanpedro.com.ar\/sitio\/wp-json\/wp\/v2\/categories?post=41169"},{"taxonomy":"post_tag","embeddable":true,"href":"https:\/\/eldiariodesanpedro.com.ar\/sitio\/wp-json\/wp\/v2\/tags?post=41169"}],"curies":[{"name":"wp","href":"https:\/\/api.w.org\/{rel}","templated":true}]}}