{"id":41142,"date":"2018-10-01T20:39:06","date_gmt":"2018-10-01T23:39:06","guid":{"rendered":"https:\/\/eldiariodesanpedro.com.ar\/sitio\/?p=41142"},"modified":"2018-10-01T20:39:06","modified_gmt":"2018-10-01T23:39:06","slug":"san-nicolas-el-registro-de-la-vivienda-cerro-con-8517-aspirantes-a-la-casa-propia","status":"publish","type":"post","link":"https:\/\/eldiariodesanpedro.com.ar\/sitio\/san-nicolas-el-registro-de-la-vivienda-cerro-con-8517-aspirantes-a-la-casa-propia\/","title":{"rendered":"SAN NICOL\u00c1S: El registro de la vivienda cerr\u00f3 con 8517 aspirantes a la casa propia"},"content":{"rendered":"<p><!-- VideographyWP Plugin Message: Automatic video embedding prevented by plugin options. --><br \/>\nEl viernes concluy\u00f3 el per\u00edodo para incorporarse a la base de datos de quienes aspiran a ser adjudicatarios de las 545 casas que se levantan en los barrios ProCreAr I y Colombo. La suma del primer y segundo llamado a inscripci\u00f3n da cuenta que 8517 vecinos\/familias de San Nicol\u00e1s han completado la declaraci\u00f3n jurada sobre su situaci\u00f3n socioecon\u00f3mica. Ahora se espera el sorteo mediante el cual se proceder\u00e1 con las adjudicaciones.<\/p>\n<p>  El municipio abri\u00f3 en dos oportunidades el registro de la vivienda, una base de datos a la cual se incorporan vecinos\/familias de San Nicol\u00e1s que buscan acceder a la casa propia. El primer llamado a inscripci\u00f3n se extendi\u00f3 desde el 11 de octubre de 2017 hasta el 31 de enero de este a\u00f1o, y se cerr\u00f3 con 7001 inscripciones. En tanto que entre el 6 de agosto y el pasado viernes 28 de septiembre tuvo lugar el segundo plazo, en el que se anotaron 1516 nuevos aspirantes a las 545 viviendas que se sortear\u00e1n este a\u00f1o. Es decir, la base de datos re\u00fane un total de 8517 aspirantes para una de las 366 casas que se ubican en el ProCreAr I, y que tienen como destinatarios a quienes acrediten un ingreso superior al de dos salarios m\u00ednimos. O bien para una de las 179 viviendas que se levantan en barrio Colombini, y para las cuales califican quienes declaran ingresos inferiores a los dos salarios m\u00ednimos.<br \/>\n  A modo de primera conclusi\u00f3n, el n\u00famero total de aspirantes puede acercarnos a una noci\u00f3n del d\u00e9ficit habitacional que tiene la ciudad. Cabe agregar que el \u00faltimo informe oficial data de 2010 y arrojaba para San Nicol\u00e1s un d\u00e9ficit habitacional de -aproximadamente- 7.000 viviendas.<br \/>\n  Hay un dato que bien refleja las expectativas de miles de vecinos\/familias de San Nicol\u00e1s por acceder a la casa propia: al segundo llamado de inscripci\u00f3n acudieron cientos de personas que ya hab\u00edan sido anotadas en la primera convocatoria. Y que igualmente fueron a revalidad o actualizar datos declarados (modificaci\u00f3n del ingreso salarial, cambio de n\u00famero de contacto, etc). Lo cierto es que todos, los anotados en el primer y segundo per\u00edodo, se incorporar\u00e1n al sorteo en igualdad de condiciones.<\/p>\n<p>Sorteo y entrega<br \/>\n  De acuerdo a lo que se anunci\u00f3 oficialmente, en este 2018 se sortear\u00e1n y entregar\u00e1n 500 viviendas. El sorteo determinar\u00e1 para cada casa un beneficiario titular y otros dos suplentes. Esto tiene una explicaci\u00f3n: si durante el estudio de pre adjudicaci\u00f3n los datos declarados al momento de la inscripci\u00f3n no coinciden con los datos reales, la adjudicaci\u00f3n se corre para el primer suplente. Y en caso de que la validaci\u00f3n de los datos tampoco coincida, entonces entra en carrera el segundo suplente. En todos los casos, se entregan las llaves de las casas terminadas y con acceso a los servicios esenciales como luz, agua, gas y cloacas.<br \/>\n  El financiamiento de estas viviendas es compartido entre el municipio y los Estados nacional y provincial. Las de barrio Colombo se construyen con recursos del Instituto provincial de la Vivienda, en tanto que en las de barrio ProCreAr I participa Naci\u00f3n. El municipio se hizo cargo de ejecutar las obras de infraestructura de servicios.<\/p>\n<p>Fuente: Diario El Norte<\/p>\n","protected":false},"excerpt":{"rendered":"<p>El viernes concluy\u00f3 el per\u00edodo para incorporarse a la base de datos de quienes aspiran a ser adjudicatarios de las 545 casas que se levantan en los barrios ProCreAr I y Colombo. La suma del primer y segundo llamado a inscripci\u00f3n da cuenta que 8517 vecinos\/familias de San Nicol\u00e1s han completado la declaraci\u00f3n jurada sobre [&hellip;]<\/p>\n","protected":false},"author":4,"featured_media":41143,"comment_status":"open","ping_status":"closed","sticky":false,"template":"","format":"standard","meta":{"om_disable_all_campaigns":false,"_jetpack_memberships_contains_paid_content":false,"footnotes":""},"categories":[621],"tags":[],"class_list":["post-41142","post","type-post","status-publish","format-standard","has-post-thumbnail","hentry","category-regionales"],"aioseo_notices":[],"gutentor_comment":0,"jetpack_featured_media_url":"https:\/\/eldiariodesanpedro.com.ar\/sitio\/wp-content\/uploads\/2018\/10\/En-los-barrios-ProCreAr-I-y-Colombo.jpg","jetpack_shortlink":"https:\/\/wp.me\/p6RhLt-aHA","jetpack_sharing_enabled":true,"_links":{"self":[{"href":"https:\/\/eldiariodesanpedro.com.ar\/sitio\/wp-json\/wp\/v2\/posts\/41142","targetHints":{"allow":["GET"]}}],"collection":[{"href":"https:\/\/eldiariodesanpedro.com.ar\/sitio\/wp-json\/wp\/v2\/posts"}],"about":[{"href":"https:\/\/eldiariodesanpedro.com.ar\/sitio\/wp-json\/wp\/v2\/types\/post"}],"author":[{"embeddable":true,"href":"https:\/\/eldiariodesanpedro.com.ar\/sitio\/wp-json\/wp\/v2\/users\/4"}],"replies":[{"embeddable":true,"href":"https:\/\/eldiariodesanpedro.com.ar\/sitio\/wp-json\/wp\/v2\/comments?post=41142"}],"version-history":[{"count":1,"href":"https:\/\/eldiariodesanpedro.com.ar\/sitio\/wp-json\/wp\/v2\/posts\/41142\/revisions"}],"predecessor-version":[{"id":41145,"href":"https:\/\/eldiariodesanpedro.com.ar\/sitio\/wp-json\/wp\/v2\/posts\/41142\/revisions\/41145"}],"wp:featuredmedia":[{"embeddable":true,"href":"https:\/\/eldiariodesanpedro.com.ar\/sitio\/wp-json\/wp\/v2\/media\/41143"}],"wp:attachment":[{"href":"https:\/\/eldiariodesanpedro.com.ar\/sitio\/wp-json\/wp\/v2\/media?parent=41142"}],"wp:term":[{"taxonomy":"category","embeddable":true,"href":"https:\/\/eldiariodesanpedro.com.ar\/sitio\/wp-json\/wp\/v2\/categories?post=41142"},{"taxonomy":"post_tag","embeddable":true,"href":"https:\/\/eldiariodesanpedro.com.ar\/sitio\/wp-json\/wp\/v2\/tags?post=41142"}],"curies":[{"name":"wp","href":"https:\/\/api.w.org\/{rel}","templated":true}]}}