{"id":41139,"date":"2018-10-01T20:34:47","date_gmt":"2018-10-01T23:34:47","guid":{"rendered":"https:\/\/eldiariodesanpedro.com.ar\/sitio\/?p=41139"},"modified":"2018-10-01T20:34:47","modified_gmt":"2018-10-01T23:34:47","slug":"en-zarate-frente-a-toyota-vecino-sampedrino-atropello-y-mato-a-delincuente-que-quiso-robarlo-en-la-ruta","status":"publish","type":"post","link":"https:\/\/eldiariodesanpedro.com.ar\/sitio\/en-zarate-frente-a-toyota-vecino-sampedrino-atropello-y-mato-a-delincuente-que-quiso-robarlo-en-la-ruta\/","title":{"rendered":"EN Z\u00c1RATE FRENTE A TOYOTA: Vecino sampedrino atropell\u00f3 y mat\u00f3 a delincuente que quiso robarlo en la ruta"},"content":{"rendered":"<p><!-- VideographyWP Plugin Message: Automatic video embedding prevented by plugin options. --><br \/>\nSucedi\u00f3 el domingo a la noche alrededor de las 22 hs a la altura de la localidad de Z\u00e1rate. El vecino es oriundo de Vuelta de Obligado y viajaba junto a sus peque\u00f1os hijos de 2 y 6 junto a su madre. El hombre fue golpeado y apu\u00f1alado por los malvivientes que adem\u00e1s lo robaron.<\/p>\n<p>  Un vecino sampedrino, oriundo en la localidad de Vuelta de Obligado, protagoniz\u00f3 un violento incidente cuando viajaba junto a su madre y peque\u00f1os hijos de 2 y 6 a\u00f1os por la Ruta 9 a la altura de la localidad de Z\u00e1rate, en el kil\u00f3metro 81 del carril Buenos Aires- Rosario, puntualmente cuando transitaba frente a la planta automotriz de Toyota.<br \/>\n  Sucedi\u00f3 alrededor de las 22 horas cuando el hombre de 43 a\u00f1os, identificado como Gustavo Torres, conduc\u00eda una camioneta Renault Duster y de repente cuatro personas se le cruzaron sobre la ruta haciendo se\u00f1as para detuviera la marcha con todas las intenciones de robarlo.<br \/>\n  El conductor no logr\u00f3 esquivar a todos y termin\u00f3 atropellando a uno de los desconocidos. R\u00e1pidamente detuvo su marcha y descendi\u00f3 del rodado para auxiliar a la persona herida pero all\u00ed mismo fue abordado por otros tres malvivientes que comenzaron a golpearlo, le robaron unos 8000 pesos que llevaba encima y lo apu\u00f1alaron. Como pudo, Torres regres\u00f3 a la camioneta y continu\u00f3 viaje hasta un puesto policial que se encontraba a pocos metros del lugar.<br \/>\n  All\u00ed fue asistido y trasladado por una ambulancia del servicio SAME a un hospital de Campana. Mientras tanto, una comisi\u00f3n policial regres\u00f3 al lugar del hecho y hall\u00f3 sobre uno de los laterales del camino a una persona sin vida, identificada como Marcelo Rivero de 22 a\u00f1os y oriundo de la ciudad de Campana. Junto al cuerpo se aprehendi\u00f3 a un menor de 16 a\u00f1os quien result\u00f3 ser sobrino de la v\u00edctima quien adem\u00e1s portaba el arma con el que atacaron a esta persona.<br \/>\n  Coincidentemente esa misma noche, otro conductor tambi\u00e9n fue interceptado y robado por una banda de malvivientes a esa altura de la Ruta 9, por eso de la presencia policial a pocos metros de all\u00ed ya que estaban efectuando un operativo vinculado a este tipo de delitos muy comunes en ese tramo del camino.<br \/>\n  El hecho fue caratulado como Homicidio Culposo- Robo- Lesiones y Aprehensi\u00f3n.<\/p>\n","protected":false},"excerpt":{"rendered":"<p>Sucedi\u00f3 el domingo a la noche alrededor de las 22 hs a la altura de la localidad de Z\u00e1rate. El vecino es oriundo de Vuelta de Obligado y viajaba junto a sus peque\u00f1os hijos de 2 y 6 junto a su madre. El hombre fue golpeado y apu\u00f1alado por los malvivientes que adem\u00e1s lo robaron. [&hellip;]<\/p>\n","protected":false},"author":4,"featured_media":41140,"comment_status":"open","ping_status":"closed","sticky":false,"template":"","format":"standard","meta":{"om_disable_all_campaigns":false,"_jetpack_memberships_contains_paid_content":false,"footnotes":""},"categories":[2,103],"tags":[],"class_list":["post-41139","post","type-post","status-publish","format-standard","has-post-thumbnail","hentry","category-locales","category-policiales-locales"],"aioseo_notices":[],"gutentor_comment":0,"jetpack_featured_media_url":"https:\/\/eldiariodesanpedro.com.ar\/sitio\/wp-content\/uploads\/2018\/10\/PAGINA-5.jpg","jetpack_shortlink":"https:\/\/wp.me\/p6RhLt-aHx","jetpack_sharing_enabled":true,"_links":{"self":[{"href":"https:\/\/eldiariodesanpedro.com.ar\/sitio\/wp-json\/wp\/v2\/posts\/41139","targetHints":{"allow":["GET"]}}],"collection":[{"href":"https:\/\/eldiariodesanpedro.com.ar\/sitio\/wp-json\/wp\/v2\/posts"}],"about":[{"href":"https:\/\/eldiariodesanpedro.com.ar\/sitio\/wp-json\/wp\/v2\/types\/post"}],"author":[{"embeddable":true,"href":"https:\/\/eldiariodesanpedro.com.ar\/sitio\/wp-json\/wp\/v2\/users\/4"}],"replies":[{"embeddable":true,"href":"https:\/\/eldiariodesanpedro.com.ar\/sitio\/wp-json\/wp\/v2\/comments?post=41139"}],"version-history":[{"count":1,"href":"https:\/\/eldiariodesanpedro.com.ar\/sitio\/wp-json\/wp\/v2\/posts\/41139\/revisions"}],"predecessor-version":[{"id":41141,"href":"https:\/\/eldiariodesanpedro.com.ar\/sitio\/wp-json\/wp\/v2\/posts\/41139\/revisions\/41141"}],"wp:featuredmedia":[{"embeddable":true,"href":"https:\/\/eldiariodesanpedro.com.ar\/sitio\/wp-json\/wp\/v2\/media\/41140"}],"wp:attachment":[{"href":"https:\/\/eldiariodesanpedro.com.ar\/sitio\/wp-json\/wp\/v2\/media?parent=41139"}],"wp:term":[{"taxonomy":"category","embeddable":true,"href":"https:\/\/eldiariodesanpedro.com.ar\/sitio\/wp-json\/wp\/v2\/categories?post=41139"},{"taxonomy":"post_tag","embeddable":true,"href":"https:\/\/eldiariodesanpedro.com.ar\/sitio\/wp-json\/wp\/v2\/tags?post=41139"}],"curies":[{"name":"wp","href":"https:\/\/api.w.org\/{rel}","templated":true}]}}