{"id":41131,"date":"2018-10-01T20:30:01","date_gmt":"2018-10-01T23:30:01","guid":{"rendered":"https:\/\/eldiariodesanpedro.com.ar\/sitio\/?p=41131"},"modified":"2018-10-01T20:30:01","modified_gmt":"2018-10-01T23:30:01","slug":"fabian-rodriguez-asume-interinamente-la-secretaria-de-hacienda","status":"publish","type":"post","link":"https:\/\/eldiariodesanpedro.com.ar\/sitio\/fabian-rodriguez-asume-interinamente-la-secretaria-de-hacienda\/","title":{"rendered":"Fabi\u00e1n Rodr\u00edguez asume interinamente la Secretar\u00eda de Hacienda"},"content":{"rendered":"<p><!-- VideographyWP Plugin Message: Automatic video embedding prevented by plugin options. --><br \/>\nEl abogado que se ven\u00eda desempe\u00f1ando como Juez de Faltas estuvo una semana en per\u00edodo de adaptaci\u00f3n y ahora quedar\u00e1 a cargo del \u00e1rea cuyo titular es Mario S\u00e1nchez Negrete.<\/p>\n<p>  A la llegada de Paola Basso en la Direcci\u00f3n de Personal se suma la del Dr. Fabi\u00e1n Rodr\u00edguez a la Secretar\u00eda de Hacienda. El abogado que fue convocado en el inicio de la gesti\u00f3n para desempe\u00f1arse como Juez de Falta pasa a ocupar ahora un cargo fundamental en el gabinete del Intendente Salazar.<br \/>\n  \u201cEs una tarea que me gusta\u201d, dijo Rodr\u00edguez en el aire de FM G\u00e9nesis. \u201cSi bien yo soy abogado tambi\u00e9n me gustas mucho los n\u00fameros y la administraci\u00f3n\u201d, se\u00f1al\u00f3.<br \/>\n  \u201cYo asumir\u00e9 en forma interina ya que el \u00e1rea pertenece a Mario S\u00e1nchez Negrete\u201d, destac\u00f3 el funcionario.<br \/>\n  Durante la semana anterior, Rodr\u00edguez se estuvo adaptando al \u00e1rea, pero a partir de esta semana ya asume formalmente, mientras tanto, el contador Hern\u00e1n Abat\u00e1ngelo, que estaba colaborando con Hacienda, seguir\u00e1 a cargo de Rentas \u00e1rea que tiene a cargo desde que el Intendente Salazar inici\u00f3 la gesti\u00f3n.<\/p>\n<p>Fuente: San Pedro informa<\/p>\n","protected":false},"excerpt":{"rendered":"<p>El abogado que se ven\u00eda desempe\u00f1ando como Juez de Faltas estuvo una semana en per\u00edodo de adaptaci\u00f3n y ahora quedar\u00e1 a cargo del \u00e1rea cuyo titular es Mario S\u00e1nchez Negrete. A la llegada de Paola Basso en la Direcci\u00f3n de Personal se suma la del Dr. Fabi\u00e1n Rodr\u00edguez a la Secretar\u00eda de Hacienda. El abogado [&hellip;]<\/p>\n","protected":false},"author":4,"featured_media":41132,"comment_status":"open","ping_status":"closed","sticky":false,"template":"","format":"standard","meta":{"om_disable_all_campaigns":false,"_jetpack_memberships_contains_paid_content":false,"footnotes":""},"categories":[2,102],"tags":[],"class_list":["post-41131","post","type-post","status-publish","format-standard","has-post-thumbnail","hentry","category-locales","category-politica-locales"],"aioseo_notices":[],"gutentor_comment":0,"jetpack_featured_media_url":"https:\/\/eldiariodesanpedro.com.ar\/sitio\/wp-content\/uploads\/2018\/10\/Fabian-Rodriguez.jpg","jetpack_shortlink":"https:\/\/wp.me\/p6RhLt-aHp","jetpack_sharing_enabled":true,"_links":{"self":[{"href":"https:\/\/eldiariodesanpedro.com.ar\/sitio\/wp-json\/wp\/v2\/posts\/41131","targetHints":{"allow":["GET"]}}],"collection":[{"href":"https:\/\/eldiariodesanpedro.com.ar\/sitio\/wp-json\/wp\/v2\/posts"}],"about":[{"href":"https:\/\/eldiariodesanpedro.com.ar\/sitio\/wp-json\/wp\/v2\/types\/post"}],"author":[{"embeddable":true,"href":"https:\/\/eldiariodesanpedro.com.ar\/sitio\/wp-json\/wp\/v2\/users\/4"}],"replies":[{"embeddable":true,"href":"https:\/\/eldiariodesanpedro.com.ar\/sitio\/wp-json\/wp\/v2\/comments?post=41131"}],"version-history":[{"count":1,"href":"https:\/\/eldiariodesanpedro.com.ar\/sitio\/wp-json\/wp\/v2\/posts\/41131\/revisions"}],"predecessor-version":[{"id":41135,"href":"https:\/\/eldiariodesanpedro.com.ar\/sitio\/wp-json\/wp\/v2\/posts\/41131\/revisions\/41135"}],"wp:featuredmedia":[{"embeddable":true,"href":"https:\/\/eldiariodesanpedro.com.ar\/sitio\/wp-json\/wp\/v2\/media\/41132"}],"wp:attachment":[{"href":"https:\/\/eldiariodesanpedro.com.ar\/sitio\/wp-json\/wp\/v2\/media?parent=41131"}],"wp:term":[{"taxonomy":"category","embeddable":true,"href":"https:\/\/eldiariodesanpedro.com.ar\/sitio\/wp-json\/wp\/v2\/categories?post=41131"},{"taxonomy":"post_tag","embeddable":true,"href":"https:\/\/eldiariodesanpedro.com.ar\/sitio\/wp-json\/wp\/v2\/tags?post=41131"}],"curies":[{"name":"wp","href":"https:\/\/api.w.org\/{rel}","templated":true}]}}