{"id":41126,"date":"2018-10-01T18:22:20","date_gmt":"2018-10-01T21:22:20","guid":{"rendered":"https:\/\/eldiariodesanpedro.com.ar\/sitio\/?p=41126"},"modified":"2018-10-01T18:22:20","modified_gmt":"2018-10-01T21:22:20","slug":"zarate-incautan-mas-56-kg-de-marihuana-en-el-complejo-zarate-brazo-largo","status":"publish","type":"post","link":"https:\/\/eldiariodesanpedro.com.ar\/sitio\/zarate-incautan-mas-56-kg-de-marihuana-en-el-complejo-zarate-brazo-largo\/","title":{"rendered":"Z\u00c1RATE: Incautan m\u00e1s 56 kg. de marihuana en el Complejo Z\u00e1rate \u2013 Brazo Largo"},"content":{"rendered":"<p><!-- VideographyWP Plugin Message: Automatic video embedding prevented by plugin options. --><br \/>\nEfectivos de la Secci\u00f3n Seguridad Vial Z\u00e1rate \u2013 Brazo Largo dependiente del Escuadr\u00f3n 63 \u201cZ\u00e1rate- Brazo Largo\u201d, mientras realizaban controles detuvieron la marcha de un transporte de encomiendas proveniente de la provincia de Misiones con destino final Buenos Aires.<\/p>\n<p>Durante el registro del rodado, los funcionarios observaron en la parte inferior, entre los ejes traseros, un habit\u00e1culo confeccionado tipo ba\u00fal. All\u00ed, se acondicionaron 68 paquetes con una sustancia vegetal.<\/p>\n<p>Integrantes de Criminal\u00edstica y Estudios Forenses realizaron las pruebas de campo Narcotest, que arrojaron positivo para \u201ccannabis sativa\u201d, totalizando 56 kilos 219 gramos.<\/p>\n<p>Intervino el Juzgado Federal de Campana que dispuso el decomiso del estupefaciente como as\u00ed tambi\u00e9n de mercader\u00eda del rubro electr\u00f3nica y del rodado.<\/p>\n<p>Fuente: Enlace Critico<\/p>\n","protected":false},"excerpt":{"rendered":"<p>Efectivos de la Secci\u00f3n Seguridad Vial Z\u00e1rate \u2013 Brazo Largo dependiente del Escuadr\u00f3n 63 \u201cZ\u00e1rate- Brazo Largo\u201d, mientras realizaban controles detuvieron la marcha de un transporte de encomiendas proveniente de la provincia de Misiones con destino final Buenos Aires. Durante el registro del rodado, los funcionarios observaron en la parte inferior, entre los ejes traseros, [&hellip;]<\/p>\n","protected":false},"author":4,"featured_media":41127,"comment_status":"open","ping_status":"closed","sticky":false,"template":"","format":"standard","meta":{"om_disable_all_campaigns":false,"_jetpack_memberships_contains_paid_content":false,"footnotes":""},"categories":[621],"tags":[],"class_list":["post-41126","post","type-post","status-publish","format-standard","has-post-thumbnail","hentry","category-regionales"],"aioseo_notices":[],"gutentor_comment":0,"jetpack_featured_media_url":"https:\/\/eldiariodesanpedro.com.ar\/sitio\/wp-content\/uploads\/2018\/10\/473-Incautan-mas-de-56-kilos-de-marihuana-ocultos-en-un-rodado-3_658x400.jpg","jetpack_shortlink":"https:\/\/wp.me\/p6RhLt-aHk","jetpack_sharing_enabled":true,"_links":{"self":[{"href":"https:\/\/eldiariodesanpedro.com.ar\/sitio\/wp-json\/wp\/v2\/posts\/41126","targetHints":{"allow":["GET"]}}],"collection":[{"href":"https:\/\/eldiariodesanpedro.com.ar\/sitio\/wp-json\/wp\/v2\/posts"}],"about":[{"href":"https:\/\/eldiariodesanpedro.com.ar\/sitio\/wp-json\/wp\/v2\/types\/post"}],"author":[{"embeddable":true,"href":"https:\/\/eldiariodesanpedro.com.ar\/sitio\/wp-json\/wp\/v2\/users\/4"}],"replies":[{"embeddable":true,"href":"https:\/\/eldiariodesanpedro.com.ar\/sitio\/wp-json\/wp\/v2\/comments?post=41126"}],"version-history":[{"count":1,"href":"https:\/\/eldiariodesanpedro.com.ar\/sitio\/wp-json\/wp\/v2\/posts\/41126\/revisions"}],"predecessor-version":[{"id":41128,"href":"https:\/\/eldiariodesanpedro.com.ar\/sitio\/wp-json\/wp\/v2\/posts\/41126\/revisions\/41128"}],"wp:featuredmedia":[{"embeddable":true,"href":"https:\/\/eldiariodesanpedro.com.ar\/sitio\/wp-json\/wp\/v2\/media\/41127"}],"wp:attachment":[{"href":"https:\/\/eldiariodesanpedro.com.ar\/sitio\/wp-json\/wp\/v2\/media?parent=41126"}],"wp:term":[{"taxonomy":"category","embeddable":true,"href":"https:\/\/eldiariodesanpedro.com.ar\/sitio\/wp-json\/wp\/v2\/categories?post=41126"},{"taxonomy":"post_tag","embeddable":true,"href":"https:\/\/eldiariodesanpedro.com.ar\/sitio\/wp-json\/wp\/v2\/tags?post=41126"}],"curies":[{"name":"wp","href":"https:\/\/api.w.org\/{rel}","templated":true}]}}