{"id":41116,"date":"2018-10-01T13:09:52","date_gmt":"2018-10-01T16:09:52","guid":{"rendered":"https:\/\/eldiariodesanpedro.com.ar\/sitio\/?p=41116"},"modified":"2018-10-01T13:09:52","modified_gmt":"2018-10-01T16:09:52","slug":"san-pedro-recibira-1-476-84305-menos-que-lo-que-recibia-del-fondo-sojero","status":"publish","type":"post","link":"https:\/\/eldiariodesanpedro.com.ar\/sitio\/san-pedro-recibira-1-476-84305-menos-que-lo-que-recibia-del-fondo-sojero\/","title":{"rendered":"San Pedro recibir\u00e1 $1.476.843,05 menos que lo que recib\u00eda del fondo sojero"},"content":{"rendered":"<p><!-- VideographyWP Plugin Message: Automatic video embedding prevented by plugin options. --><br \/>\nEl programa de asistencia financiera creado por Naci\u00f3n a cambio de lo que les quit\u00f3 a las provincias y municipios por eliminar el Fondo Federal Solidario no conforma a los intendentes. Cu\u00e1nto recibir\u00e1 cada uno.<\/p>\n<p>Para evitar una judicializaci\u00f3n, el Gobierno nacional dispuso la creaci\u00f3n del programa que llam\u00f3 \u201cAsistencia a Provincias y Municipios\u201d, para compensar el quite de los recursos previstos en el Fondo Federal Solidario, tambi\u00e9n conocido como Fondo Sojero.<\/p>\n<p>En efecto, a trav\u00e9s del Ministerio del Interior, que conduce Rogelio Frigerio, se dispuso el env\u00edo de 4.125 millones de pesos a todas las provincias que hayan adherido al Consenso Fiscal, por \u00edndice de coparticipaci\u00f3n, en cuatro cuotas iguales y consecutivas.<\/p>\n<p>A su vez, los gobernadores deber\u00e1n enviar el 50 por ciento del dinero recibido a sus municipios. Por caso, Mar\u00eda Eugenia Vidal obtendr\u00e1 923 millones de pesos en el marco del Programa de Asistencia, de los cuales, 461 millones deber\u00e1 girar a los 135 distritos, tambi\u00e9n de acuerdo al \u00edndice de coparticipaci\u00f3n. <\/p>\n<p>Sin embargo, este monto es much\u00edsimo menor de lo que restaba recibir por el Fondo Sojero en lo que falta de 2018. Seg\u00fan pudo saber La Tecla, la Provincia contar\u00e1 con 1.435 millones de pesos menos, mientras que los municipios perder\u00e1n 266 millones. <\/p>\n<p>En el caso de la localidad de San Pedro se compensar\u00e1 con $3.162.705,65, cuando anteriormente se recib\u00eda por $4.639.548,70 lo que hace una diferencia de $1.476.843,05 menos para nuestra ciudad.<\/p>\n<p>En el caso de de la vecina localidad de Baradero recib\u00eda $2.020.709,60 y ahora recibir\u00e1 $1.377.485,20 una diferencia de $643.224,40 menos que antes.<\/p>\n<p>En el caso del otro distrito vecino Ramallo recibia  $1.720.798,60 a partir de ahora recibir\u00e1 $1.173.040,70 un total de $547.757,90 menos que antes.<\/p>\n<p>Fuente: La Tecla<\/p>\n<p><img decoding=\"async\" data-attachment-id=\"41118\" data-permalink=\"https:\/\/eldiariodesanpedro.com.ar\/sitio\/san-pedro-recibira-1-476-84305-menos-que-lo-que-recibia-del-fondo-sojero\/89508_3\/\" data-orig-file=\"https:\/\/eldiariodesanpedro.com.ar\/sitio\/wp-content\/uploads\/2018\/10\/89508_3.jpg\" data-orig-size=\"862,508\" data-comments-opened=\"1\" data-image-meta=\"{&quot;aperture&quot;:&quot;0&quot;,&quot;credit&quot;:&quot;&quot;,&quot;camera&quot;:&quot;&quot;,&quot;caption&quot;:&quot;&quot;,&quot;created_timestamp&quot;:&quot;0&quot;,&quot;copyright&quot;:&quot;&quot;,&quot;focal_length&quot;:&quot;0&quot;,&quot;iso&quot;:&quot;0&quot;,&quot;shutter_speed&quot;:&quot;0&quot;,&quot;title&quot;:&quot;&quot;,&quot;orientation&quot;:&quot;0&quot;}\" data-image-title=\"89508_3\" data-image-description=\"\" data-image-caption=\"\" data-large-file=\"https:\/\/eldiariodesanpedro.com.ar\/sitio\/wp-content\/uploads\/2018\/10\/89508_3.jpg\" data-src=\"https:\/\/eldiariodesanpedro.com.ar\/sitio\/wp-content\/uploads\/2018\/10\/89508_3.jpg\" alt=\"\" width=\"862\" height=\"508\" class=\"alignnone size-full wp-image-41118 lazyload\" data-srcset=\"https:\/\/eldiariodesanpedro.com.ar\/sitio\/wp-content\/uploads\/2018\/10\/89508_3.jpg 862w, https:\/\/eldiariodesanpedro.com.ar\/sitio\/wp-content\/uploads\/2018\/10\/89508_3-300x177.jpg 300w, https:\/\/eldiariodesanpedro.com.ar\/sitio\/wp-content\/uploads\/2018\/10\/89508_3-768x453.jpg 768w\" data-sizes=\"(max-width: 862px) 100vw, 862px\" src=\"data:image\/svg+xml;base64,PHN2ZyB3aWR0aD0iMSIgaGVpZ2h0PSIxIiB4bWxucz0iaHR0cDovL3d3dy53My5vcmcvMjAwMC9zdmciPjwvc3ZnPg==\" style=\"--smush-placeholder-width: 862px; --smush-placeholder-aspect-ratio: 862\/508;\" \/><\/p>\n","protected":false},"excerpt":{"rendered":"<p>El programa de asistencia financiera creado por Naci\u00f3n a cambio de lo que les quit\u00f3 a las provincias y municipios por eliminar el Fondo Federal Solidario no conforma a los intendentes. Cu\u00e1nto recibir\u00e1 cada uno. Para evitar una judicializaci\u00f3n, el Gobierno nacional dispuso la creaci\u00f3n del programa que llam\u00f3 \u201cAsistencia a Provincias y Municipios\u201d, para [&hellip;]<\/p>\n","protected":false},"author":4,"featured_media":41117,"comment_status":"open","ping_status":"closed","sticky":false,"template":"","format":"standard","meta":{"om_disable_all_campaigns":false,"_jetpack_memberships_contains_paid_content":false,"footnotes":""},"categories":[50,101,2],"tags":[],"class_list":["post-41116","post","type-post","status-publish","format-standard","has-post-thumbnail","hentry","category-destacadas","category-interes-general-locales","category-locales"],"aioseo_notices":[],"gutentor_comment":0,"jetpack_featured_media_url":"https:\/\/eldiariodesanpedro.com.ar\/sitio\/wp-content\/uploads\/2018\/10\/715x402_LIB180116-010F04.jpg","jetpack_shortlink":"https:\/\/wp.me\/p6RhLt-aHa","jetpack_sharing_enabled":true,"_links":{"self":[{"href":"https:\/\/eldiariodesanpedro.com.ar\/sitio\/wp-json\/wp\/v2\/posts\/41116","targetHints":{"allow":["GET"]}}],"collection":[{"href":"https:\/\/eldiariodesanpedro.com.ar\/sitio\/wp-json\/wp\/v2\/posts"}],"about":[{"href":"https:\/\/eldiariodesanpedro.com.ar\/sitio\/wp-json\/wp\/v2\/types\/post"}],"author":[{"embeddable":true,"href":"https:\/\/eldiariodesanpedro.com.ar\/sitio\/wp-json\/wp\/v2\/users\/4"}],"replies":[{"embeddable":true,"href":"https:\/\/eldiariodesanpedro.com.ar\/sitio\/wp-json\/wp\/v2\/comments?post=41116"}],"version-history":[{"count":1,"href":"https:\/\/eldiariodesanpedro.com.ar\/sitio\/wp-json\/wp\/v2\/posts\/41116\/revisions"}],"predecessor-version":[{"id":41119,"href":"https:\/\/eldiariodesanpedro.com.ar\/sitio\/wp-json\/wp\/v2\/posts\/41116\/revisions\/41119"}],"wp:featuredmedia":[{"embeddable":true,"href":"https:\/\/eldiariodesanpedro.com.ar\/sitio\/wp-json\/wp\/v2\/media\/41117"}],"wp:attachment":[{"href":"https:\/\/eldiariodesanpedro.com.ar\/sitio\/wp-json\/wp\/v2\/media?parent=41116"}],"wp:term":[{"taxonomy":"category","embeddable":true,"href":"https:\/\/eldiariodesanpedro.com.ar\/sitio\/wp-json\/wp\/v2\/categories?post=41116"},{"taxonomy":"post_tag","embeddable":true,"href":"https:\/\/eldiariodesanpedro.com.ar\/sitio\/wp-json\/wp\/v2\/tags?post=41116"}],"curies":[{"name":"wp","href":"https:\/\/api.w.org\/{rel}","templated":true}]}}