{"id":41109,"date":"2018-10-01T10:16:41","date_gmt":"2018-10-01T13:16:41","guid":{"rendered":"https:\/\/eldiariodesanpedro.com.ar\/sitio\/?p=41109"},"modified":"2018-10-01T10:16:41","modified_gmt":"2018-10-01T13:16:41","slug":"campana-conductor-se-quedo-dormido","status":"publish","type":"post","link":"https:\/\/eldiariodesanpedro.com.ar\/sitio\/campana-conductor-se-quedo-dormido\/","title":{"rendered":"CAMPANA: Conductor se qued\u00f3 dormido"},"content":{"rendered":"<p><!-- VideographyWP Plugin Message: Automatic video embedding prevented by plugin options. --><br \/>\nOcurri\u00f3 en el cruce de Ruta 9 y 6 mano hacia Capital Federal. El conductor de la camioneta y el del cami\u00f3n fueron trasladados al hospital por el SAME.<\/p>\n<p>Dos j\u00f3venes, que volv\u00edan de trabajar en la localidad de San Pedro, chocaron contra un cami\u00f3n en el cruce de Ruta 6 y 9, se dirig\u00edan a la localidad de Tigre de donde son oriundos, cuando el conductor se qued\u00f3 dormido en plena ruta.<\/p>\n<p>Justamente quien conduc\u00eda sufri\u00f3 la dislocaci\u00f3n de uno de sus hombros y fue trasladado por una ambulancia del SAME junto al camionero que se descompens\u00f3 tras el impacto, al Hospital San Jos\u00e9.<\/p>\n<p>FUENTE: Campana 360<\/p>\n","protected":false},"excerpt":{"rendered":"<p>Ocurri\u00f3 en el cruce de Ruta 9 y 6 mano hacia Capital Federal. El conductor de la camioneta y el del cami\u00f3n fueron trasladados al hospital por el SAME. Dos j\u00f3venes, que volv\u00edan de trabajar en la localidad de San Pedro, chocaron contra un cami\u00f3n en el cruce de Ruta 6 y 9, se dirig\u00edan [&hellip;]<\/p>\n","protected":false},"author":4,"featured_media":41110,"comment_status":"open","ping_status":"closed","sticky":false,"template":"","format":"standard","meta":{"om_disable_all_campaigns":false,"_jetpack_memberships_contains_paid_content":false,"footnotes":""},"categories":[621],"tags":[],"class_list":["post-41109","post","type-post","status-publish","format-standard","has-post-thumbnail","hentry","category-regionales"],"aioseo_notices":[],"gutentor_comment":0,"jetpack_featured_media_url":"https:\/\/eldiariodesanpedro.com.ar\/sitio\/wp-content\/uploads\/2018\/10\/E6ED4359-E828-47B1-9C39-34ECCFB3063C_658x400.jpeg","jetpack_shortlink":"https:\/\/wp.me\/p6RhLt-aH3","jetpack_sharing_enabled":true,"_links":{"self":[{"href":"https:\/\/eldiariodesanpedro.com.ar\/sitio\/wp-json\/wp\/v2\/posts\/41109","targetHints":{"allow":["GET"]}}],"collection":[{"href":"https:\/\/eldiariodesanpedro.com.ar\/sitio\/wp-json\/wp\/v2\/posts"}],"about":[{"href":"https:\/\/eldiariodesanpedro.com.ar\/sitio\/wp-json\/wp\/v2\/types\/post"}],"author":[{"embeddable":true,"href":"https:\/\/eldiariodesanpedro.com.ar\/sitio\/wp-json\/wp\/v2\/users\/4"}],"replies":[{"embeddable":true,"href":"https:\/\/eldiariodesanpedro.com.ar\/sitio\/wp-json\/wp\/v2\/comments?post=41109"}],"version-history":[{"count":1,"href":"https:\/\/eldiariodesanpedro.com.ar\/sitio\/wp-json\/wp\/v2\/posts\/41109\/revisions"}],"predecessor-version":[{"id":41111,"href":"https:\/\/eldiariodesanpedro.com.ar\/sitio\/wp-json\/wp\/v2\/posts\/41109\/revisions\/41111"}],"wp:featuredmedia":[{"embeddable":true,"href":"https:\/\/eldiariodesanpedro.com.ar\/sitio\/wp-json\/wp\/v2\/media\/41110"}],"wp:attachment":[{"href":"https:\/\/eldiariodesanpedro.com.ar\/sitio\/wp-json\/wp\/v2\/media?parent=41109"}],"wp:term":[{"taxonomy":"category","embeddable":true,"href":"https:\/\/eldiariodesanpedro.com.ar\/sitio\/wp-json\/wp\/v2\/categories?post=41109"},{"taxonomy":"post_tag","embeddable":true,"href":"https:\/\/eldiariodesanpedro.com.ar\/sitio\/wp-json\/wp\/v2\/tags?post=41109"}],"curies":[{"name":"wp","href":"https:\/\/api.w.org\/{rel}","templated":true}]}}