{"id":41104,"date":"2018-10-01T10:13:35","date_gmt":"2018-10-01T13:13:35","guid":{"rendered":"https:\/\/eldiariodesanpedro.com.ar\/sitio\/?p=41104"},"modified":"2018-10-01T10:13:35","modified_gmt":"2018-10-01T13:13:35","slug":"campana-delincuente-fallecido-tras-ser-embestido-por-la-victima-del-robo-en-la-ruta-9","status":"publish","type":"post","link":"https:\/\/eldiariodesanpedro.com.ar\/sitio\/campana-delincuente-fallecido-tras-ser-embestido-por-la-victima-del-robo-en-la-ruta-9\/","title":{"rendered":"CAMPANA: Delincuente fallecido tras ser embestido por la v\u00edctima del robo en la ruta 9"},"content":{"rendered":"<p><!-- VideographyWP Plugin Message: Automatic video embedding prevented by plugin options. --><br \/>\nPasadas las 22 horas de este domingo se produjo una muerte en Ruta N\u00b0 9 altura kil\u00f3metro 84.<\/p>\n<p>Las primeras informaciones que llegaron desde el lugar precisaron que una persona result\u00f3 atropellada y que ser\u00eda un delincuente que arrojaba piedras para detener veh\u00edculos y as\u00ed poder robar. Un c\u00f3mplice que lo acompa\u00f1aba fue detenido por el Comando Patrulla de Z\u00e1rate y Comisar\u00eda 1ra.<\/p>\n<p>En tanto que el conductor del autom\u00f3vil debi\u00f3 ser llevado al Hospital Municipal de Campana con heridas de arma blanca.<\/p>\n<p>Seg\u00fan fuentes consultadas, quien conduc\u00eda de 43 a\u00f1os oriundo de Gobernador Castro, Partido de San Pedro, y que viajaba con dos hijos menores fue interceptado por cuatro sujetos a la altura de la planta de Toyota, atropellando a uno y al querer socorrerlo, deteniendo la marcha, fue atacado por los otros, recibiendo dos puntazos en la cintura.<\/p>\n<p>El vecino pudo escapar y a la altura del puente de la empresa Holcim fue auxiliado por una ambulancia del SEMU.<\/p>\n<p>En el lugar del hecho, personal policial encontr\u00f3 el cuerpo de un hombre que despu\u00e9s fue identificado como Marcelo Rivero de 22 a\u00f1os y tras un rastrillaje se detuvo a un menor de 16 a\u00f1os, sobrino del occiso, a quien se le incaut\u00f3 una cuchilla con muestras de sangre y que estaba escondido entre los pastizales.<\/p>\n<p>Fallecido y detenido est\u00e1n domiciliados en el barrio San Cayetano de Campana.<\/p>\n<p><img decoding=\"async\" data-attachment-id=\"41106\" data-permalink=\"https:\/\/eldiariodesanpedro.com.ar\/sitio\/campana-delincuente-fallecido-tras-ser-embestido-por-la-victima-del-robo-en-la-ruta-9\/img_20180930_223647\/\" data-orig-file=\"https:\/\/eldiariodesanpedro.com.ar\/sitio\/wp-content\/uploads\/2018\/10\/IMG_20180930_223647.jpg\" data-orig-size=\"658,400\" data-comments-opened=\"1\" data-image-meta=\"{&quot;aperture&quot;:&quot;0&quot;,&quot;credit&quot;:&quot;&quot;,&quot;camera&quot;:&quot;&quot;,&quot;caption&quot;:&quot;&quot;,&quot;created_timestamp&quot;:&quot;0&quot;,&quot;copyright&quot;:&quot;&quot;,&quot;focal_length&quot;:&quot;0&quot;,&quot;iso&quot;:&quot;0&quot;,&quot;shutter_speed&quot;:&quot;0&quot;,&quot;title&quot;:&quot;&quot;,&quot;orientation&quot;:&quot;0&quot;}\" data-image-title=\"IMG_20180930_223647\" data-image-description=\"\" data-image-caption=\"\" data-large-file=\"https:\/\/eldiariodesanpedro.com.ar\/sitio\/wp-content\/uploads\/2018\/10\/IMG_20180930_223647.jpg\" data-src=\"https:\/\/eldiariodesanpedro.com.ar\/sitio\/wp-content\/uploads\/2018\/10\/IMG_20180930_223647.jpg\" alt=\"\" width=\"658\" height=\"400\" class=\"alignnone size-large wp-image-41106 lazyload\" data-srcset=\"https:\/\/eldiariodesanpedro.com.ar\/sitio\/wp-content\/uploads\/2018\/10\/IMG_20180930_223647.jpg 658w, https:\/\/eldiariodesanpedro.com.ar\/sitio\/wp-content\/uploads\/2018\/10\/IMG_20180930_223647-300x182.jpg 300w\" data-sizes=\"(max-width: 658px) 100vw, 658px\" src=\"data:image\/svg+xml;base64,PHN2ZyB3aWR0aD0iMSIgaGVpZ2h0PSIxIiB4bWxucz0iaHR0cDovL3d3dy53My5vcmcvMjAwMC9zdmciPjwvc3ZnPg==\" style=\"--smush-placeholder-width: 658px; --smush-placeholder-aspect-ratio: 658\/400;\" \/><\/p>\n<p><img decoding=\"async\" data-attachment-id=\"41107\" data-permalink=\"https:\/\/eldiariodesanpedro.com.ar\/sitio\/campana-delincuente-fallecido-tras-ser-embestido-por-la-victima-del-robo-en-la-ruta-9\/img_20180930_223711\/\" data-orig-file=\"https:\/\/eldiariodesanpedro.com.ar\/sitio\/wp-content\/uploads\/2018\/10\/IMG_20180930_223711.jpg\" data-orig-size=\"658,400\" data-comments-opened=\"1\" data-image-meta=\"{&quot;aperture&quot;:&quot;0&quot;,&quot;credit&quot;:&quot;&quot;,&quot;camera&quot;:&quot;&quot;,&quot;caption&quot;:&quot;&quot;,&quot;created_timestamp&quot;:&quot;0&quot;,&quot;copyright&quot;:&quot;&quot;,&quot;focal_length&quot;:&quot;0&quot;,&quot;iso&quot;:&quot;0&quot;,&quot;shutter_speed&quot;:&quot;0&quot;,&quot;title&quot;:&quot;&quot;,&quot;orientation&quot;:&quot;0&quot;}\" data-image-title=\"IMG_20180930_223711\" data-image-description=\"\" data-image-caption=\"\" data-large-file=\"https:\/\/eldiariodesanpedro.com.ar\/sitio\/wp-content\/uploads\/2018\/10\/IMG_20180930_223711.jpg\" data-src=\"https:\/\/eldiariodesanpedro.com.ar\/sitio\/wp-content\/uploads\/2018\/10\/IMG_20180930_223711.jpg\" alt=\"\" width=\"658\" height=\"400\" class=\"alignnone size-large wp-image-41107 lazyload\" data-srcset=\"https:\/\/eldiariodesanpedro.com.ar\/sitio\/wp-content\/uploads\/2018\/10\/IMG_20180930_223711.jpg 658w, https:\/\/eldiariodesanpedro.com.ar\/sitio\/wp-content\/uploads\/2018\/10\/IMG_20180930_223711-300x182.jpg 300w\" data-sizes=\"(max-width: 658px) 100vw, 658px\" src=\"data:image\/svg+xml;base64,PHN2ZyB3aWR0aD0iMSIgaGVpZ2h0PSIxIiB4bWxucz0iaHR0cDovL3d3dy53My5vcmcvMjAwMC9zdmciPjwvc3ZnPg==\" style=\"--smush-placeholder-width: 658px; --smush-placeholder-aspect-ratio: 658\/400;\" \/><\/p>\n<p><img decoding=\"async\" data-attachment-id=\"41105\" data-permalink=\"https:\/\/eldiariodesanpedro.com.ar\/sitio\/campana-delincuente-fallecido-tras-ser-embestido-por-la-victima-del-robo-en-la-ruta-9\/img_20180930_223622\/\" data-orig-file=\"https:\/\/eldiariodesanpedro.com.ar\/sitio\/wp-content\/uploads\/2018\/10\/IMG_20180930_223622.jpg\" data-orig-size=\"658,400\" data-comments-opened=\"1\" data-image-meta=\"{&quot;aperture&quot;:&quot;0&quot;,&quot;credit&quot;:&quot;&quot;,&quot;camera&quot;:&quot;&quot;,&quot;caption&quot;:&quot;&quot;,&quot;created_timestamp&quot;:&quot;0&quot;,&quot;copyright&quot;:&quot;&quot;,&quot;focal_length&quot;:&quot;0&quot;,&quot;iso&quot;:&quot;0&quot;,&quot;shutter_speed&quot;:&quot;0&quot;,&quot;title&quot;:&quot;&quot;,&quot;orientation&quot;:&quot;0&quot;}\" data-image-title=\"IMG_20180930_223622\" data-image-description=\"\" data-image-caption=\"\" data-large-file=\"https:\/\/eldiariodesanpedro.com.ar\/sitio\/wp-content\/uploads\/2018\/10\/IMG_20180930_223622.jpg\" data-src=\"https:\/\/eldiariodesanpedro.com.ar\/sitio\/wp-content\/uploads\/2018\/10\/IMG_20180930_223622.jpg\" alt=\"\" width=\"658\" height=\"400\" class=\"alignnone size-full wp-image-41105 lazyload\" data-srcset=\"https:\/\/eldiariodesanpedro.com.ar\/sitio\/wp-content\/uploads\/2018\/10\/IMG_20180930_223622.jpg 658w, https:\/\/eldiariodesanpedro.com.ar\/sitio\/wp-content\/uploads\/2018\/10\/IMG_20180930_223622-300x182.jpg 300w\" data-sizes=\"(max-width: 658px) 100vw, 658px\" src=\"data:image\/svg+xml;base64,PHN2ZyB3aWR0aD0iMSIgaGVpZ2h0PSIxIiB4bWxucz0iaHR0cDovL3d3dy53My5vcmcvMjAwMC9zdmciPjwvc3ZnPg==\" style=\"--smush-placeholder-width: 658px; --smush-placeholder-aspect-ratio: 658\/400;\" \/><\/p>\n","protected":false},"excerpt":{"rendered":"<p>Pasadas las 22 horas de este domingo se produjo una muerte en Ruta N\u00b0 9 altura kil\u00f3metro 84. Las primeras informaciones que llegaron desde el lugar precisaron que una persona result\u00f3 atropellada y que ser\u00eda un delincuente que arrojaba piedras para detener veh\u00edculos y as\u00ed poder robar. Un c\u00f3mplice que lo acompa\u00f1aba fue detenido por [&hellip;]<\/p>\n","protected":false},"author":4,"featured_media":41105,"comment_status":"open","ping_status":"closed","sticky":false,"template":"","format":"standard","meta":{"om_disable_all_campaigns":false,"_jetpack_memberships_contains_paid_content":false,"footnotes":""},"categories":[621],"tags":[],"class_list":["post-41104","post","type-post","status-publish","format-standard","has-post-thumbnail","hentry","category-regionales"],"aioseo_notices":[],"gutentor_comment":0,"jetpack_featured_media_url":"https:\/\/eldiariodesanpedro.com.ar\/sitio\/wp-content\/uploads\/2018\/10\/IMG_20180930_223622.jpg","jetpack_shortlink":"https:\/\/wp.me\/p6RhLt-aGY","jetpack_sharing_enabled":true,"_links":{"self":[{"href":"https:\/\/eldiariodesanpedro.com.ar\/sitio\/wp-json\/wp\/v2\/posts\/41104","targetHints":{"allow":["GET"]}}],"collection":[{"href":"https:\/\/eldiariodesanpedro.com.ar\/sitio\/wp-json\/wp\/v2\/posts"}],"about":[{"href":"https:\/\/eldiariodesanpedro.com.ar\/sitio\/wp-json\/wp\/v2\/types\/post"}],"author":[{"embeddable":true,"href":"https:\/\/eldiariodesanpedro.com.ar\/sitio\/wp-json\/wp\/v2\/users\/4"}],"replies":[{"embeddable":true,"href":"https:\/\/eldiariodesanpedro.com.ar\/sitio\/wp-json\/wp\/v2\/comments?post=41104"}],"version-history":[{"count":1,"href":"https:\/\/eldiariodesanpedro.com.ar\/sitio\/wp-json\/wp\/v2\/posts\/41104\/revisions"}],"predecessor-version":[{"id":41108,"href":"https:\/\/eldiariodesanpedro.com.ar\/sitio\/wp-json\/wp\/v2\/posts\/41104\/revisions\/41108"}],"wp:featuredmedia":[{"embeddable":true,"href":"https:\/\/eldiariodesanpedro.com.ar\/sitio\/wp-json\/wp\/v2\/media\/41105"}],"wp:attachment":[{"href":"https:\/\/eldiariodesanpedro.com.ar\/sitio\/wp-json\/wp\/v2\/media?parent=41104"}],"wp:term":[{"taxonomy":"category","embeddable":true,"href":"https:\/\/eldiariodesanpedro.com.ar\/sitio\/wp-json\/wp\/v2\/categories?post=41104"},{"taxonomy":"post_tag","embeddable":true,"href":"https:\/\/eldiariodesanpedro.com.ar\/sitio\/wp-json\/wp\/v2\/tags?post=41104"}],"curies":[{"name":"wp","href":"https:\/\/api.w.org\/{rel}","templated":true}]}}