{"id":41100,"date":"2018-10-01T09:55:06","date_gmt":"2018-10-01T12:55:06","guid":{"rendered":"https:\/\/eldiariodesanpedro.com.ar\/sitio\/?p=41100"},"modified":"2018-10-01T10:08:19","modified_gmt":"2018-10-01T13:08:19","slug":"el-equipo-del-museo-hallo-un-cuarto-armadillo-del-grupo-anunciado-en-abril","status":"publish","type":"post","link":"https:\/\/eldiariodesanpedro.com.ar\/sitio\/el-equipo-del-museo-hallo-un-cuarto-armadillo-del-grupo-anunciado-en-abril\/","title":{"rendered":"El equipo del museo hall\u00f3 un cuarto armadillo del grupo anunciado en abril"},"content":{"rendered":"<p><!-- VideographyWP Plugin Message: Automatic video embedding prevented by plugin options. --><br \/>\nEl equipo del Museo Paleontol\u00f3gico de San Pedro, gracias al aviso de la empresa Tosquera San Pedro, recuper\u00f3 el cuarto ejemplar en lo que va del a\u00f1o, de un grupo de armadillos gigantes cuyo descubrimiento fue anunciado durante el pasado mes de abril.<\/p>\n<p>Este animal, que se suma a otros tres que se recuperaron en la zona de Barrio La Tosquera y a escasos metros uno del otro, fue observado por Fausto Capre, maquinista de la empresa, quien dio la inmediata alerta al museo local.<\/p>\n<p>El f\u00f3sil conserva una parte importante de la coraza y varias piezas \u00f3seas en su interior y ya se encuentra junto a los otros tres recuperados por el grupo aguardando su preparaci\u00f3n.<\/p>\n<p>Este hallazgo es de gran importancia para el Grupo Conservacionista de F\u00f3siles ya que han podido determinar que este conjunto de animales, junto a muchos otros que se han ido recuperando en los \u00faltimos a\u00f1os, murieron atrapados en un pantano que estaba en ese lugar hace unos 700.000 a\u00f1os y el hallazgo de nuevos ejemplares permite ir reconstruyendo una imagen fant\u00e1stica y fidedigna de c\u00f3mo era San Pedro y la zona durante ese momento del Cuaternario.<\/p>\n<p><img decoding=\"async\" data-attachment-id=\"41102\" data-permalink=\"https:\/\/eldiariodesanpedro.com.ar\/sitio\/el-equipo-del-museo-hallo-un-cuarto-armadillo-del-grupo-anunciado-en-abril\/img-20180928-wa000c\/\" data-orig-file=\"https:\/\/eldiariodesanpedro.com.ar\/sitio\/wp-content\/uploads\/2018\/10\/IMG-20180928-WA000c.jpg\" data-orig-size=\"768,1024\" data-comments-opened=\"1\" data-image-meta=\"{&quot;aperture&quot;:&quot;0&quot;,&quot;credit&quot;:&quot;&quot;,&quot;camera&quot;:&quot;&quot;,&quot;caption&quot;:&quot;&quot;,&quot;created_timestamp&quot;:&quot;0&quot;,&quot;copyright&quot;:&quot;&quot;,&quot;focal_length&quot;:&quot;0&quot;,&quot;iso&quot;:&quot;0&quot;,&quot;shutter_speed&quot;:&quot;0&quot;,&quot;title&quot;:&quot;&quot;,&quot;orientation&quot;:&quot;0&quot;}\" data-image-title=\"IMG-20180928-WA000c\" data-image-description=\"\" data-image-caption=\"\" data-large-file=\"https:\/\/eldiariodesanpedro.com.ar\/sitio\/wp-content\/uploads\/2018\/10\/IMG-20180928-WA000c-768x1024.jpg\" data-src=\"https:\/\/eldiariodesanpedro.com.ar\/sitio\/wp-content\/uploads\/2018\/10\/IMG-20180928-WA000c-768x1024.jpg\" alt=\"\" width=\"660\" height=\"880\" class=\"alignnone size-large wp-image-41102 lazyload\" data-srcset=\"https:\/\/eldiariodesanpedro.com.ar\/sitio\/wp-content\/uploads\/2018\/10\/IMG-20180928-WA000c.jpg 768w, https:\/\/eldiariodesanpedro.com.ar\/sitio\/wp-content\/uploads\/2018\/10\/IMG-20180928-WA000c-225x300.jpg 225w\" data-sizes=\"(max-width: 660px) 100vw, 660px\" src=\"data:image\/svg+xml;base64,PHN2ZyB3aWR0aD0iMSIgaGVpZ2h0PSIxIiB4bWxucz0iaHR0cDovL3d3dy53My5vcmcvMjAwMC9zdmciPjwvc3ZnPg==\" style=\"--smush-placeholder-width: 660px; --smush-placeholder-aspect-ratio: 660\/880;\" \/><\/p>\n","protected":false},"excerpt":{"rendered":"<p>El equipo del Museo Paleontol\u00f3gico de San Pedro, gracias al aviso de la empresa Tosquera San Pedro, recuper\u00f3 el cuarto ejemplar en lo que va del a\u00f1o, de un grupo de armadillos gigantes cuyo descubrimiento fue anunciado durante el pasado mes de abril. Este animal, que se suma a otros tres que se recuperaron en [&hellip;]<\/p>\n","protected":false},"author":4,"featured_media":41101,"comment_status":"open","ping_status":"closed","sticky":false,"template":"","format":"standard","meta":{"om_disable_all_campaigns":false,"_jetpack_memberships_contains_paid_content":false,"footnotes":""},"categories":[50,101,2],"tags":[],"class_list":["post-41100","post","type-post","status-publish","format-standard","has-post-thumbnail","hentry","category-destacadas","category-interes-general-locales","category-locales"],"aioseo_notices":[],"gutentor_comment":0,"jetpack_featured_media_url":"https:\/\/eldiariodesanpedro.com.ar\/sitio\/wp-content\/uploads\/2018\/10\/IMG-20180928-WA000c-copia.jpg","jetpack_shortlink":"https:\/\/wp.me\/p6RhLt-aGU","jetpack_sharing_enabled":true,"_links":{"self":[{"href":"https:\/\/eldiariodesanpedro.com.ar\/sitio\/wp-json\/wp\/v2\/posts\/41100","targetHints":{"allow":["GET"]}}],"collection":[{"href":"https:\/\/eldiariodesanpedro.com.ar\/sitio\/wp-json\/wp\/v2\/posts"}],"about":[{"href":"https:\/\/eldiariodesanpedro.com.ar\/sitio\/wp-json\/wp\/v2\/types\/post"}],"author":[{"embeddable":true,"href":"https:\/\/eldiariodesanpedro.com.ar\/sitio\/wp-json\/wp\/v2\/users\/4"}],"replies":[{"embeddable":true,"href":"https:\/\/eldiariodesanpedro.com.ar\/sitio\/wp-json\/wp\/v2\/comments?post=41100"}],"version-history":[{"count":1,"href":"https:\/\/eldiariodesanpedro.com.ar\/sitio\/wp-json\/wp\/v2\/posts\/41100\/revisions"}],"predecessor-version":[{"id":41103,"href":"https:\/\/eldiariodesanpedro.com.ar\/sitio\/wp-json\/wp\/v2\/posts\/41100\/revisions\/41103"}],"wp:featuredmedia":[{"embeddable":true,"href":"https:\/\/eldiariodesanpedro.com.ar\/sitio\/wp-json\/wp\/v2\/media\/41101"}],"wp:attachment":[{"href":"https:\/\/eldiariodesanpedro.com.ar\/sitio\/wp-json\/wp\/v2\/media?parent=41100"}],"wp:term":[{"taxonomy":"category","embeddable":true,"href":"https:\/\/eldiariodesanpedro.com.ar\/sitio\/wp-json\/wp\/v2\/categories?post=41100"},{"taxonomy":"post_tag","embeddable":true,"href":"https:\/\/eldiariodesanpedro.com.ar\/sitio\/wp-json\/wp\/v2\/tags?post=41100"}],"curies":[{"name":"wp","href":"https:\/\/api.w.org\/{rel}","templated":true}]}}