{"id":41066,"date":"2018-10-01T09:05:43","date_gmt":"2018-10-01T12:05:43","guid":{"rendered":"https:\/\/eldiariodesanpedro.com.ar\/sitio\/?p=41066"},"modified":"2018-10-01T09:05:43","modified_gmt":"2018-10-01T12:05:43","slug":"accidente-colisionaron-una-moto-y-un-automovil","status":"publish","type":"post","link":"https:\/\/eldiariodesanpedro.com.ar\/sitio\/accidente-colisionaron-una-moto-y-un-automovil\/","title":{"rendered":"Accidente: Colisionaron una moto y un autom\u00f3vil"},"content":{"rendered":"<p><!-- VideographyWP Plugin Message: Automatic video embedding prevented by plugin options. --><br \/>\nEn las primeras horas de la noche de este domingo, por causas que se tratan de establecer, colisionaron una motocicleta de gran cilindrada y un autom\u00f3vil.<\/p>\n<p>El accidente se produjo en intersecci\u00f3n de las calles D\u00e1vila y Manuel Iglesias, cuando el rodado menor impacta contra el autom\u00f3vil que como consecuencias ambos conductores mayores de edad fueron trasladados por la ambulancia del SAME al Hospital local para recibir asistencia medica sin gravedad.<\/p>\n<p>Al momento de arribar el m\u00f3vil polic\u00edal, el vehiculo de menor porte no se encontraba en el lugar del hecho. Interviene la fiscal\u00eda en turno de San Pedro.<\/p>\n","protected":false},"excerpt":{"rendered":"<p>En las primeras horas de la noche de este domingo, por causas que se tratan de establecer, colisionaron una motocicleta de gran cilindrada y un autom\u00f3vil. El accidente se produjo en intersecci\u00f3n de las calles D\u00e1vila y Manuel Iglesias, cuando el rodado menor impacta contra el autom\u00f3vil que como consecuencias ambos conductores mayores de edad [&hellip;]<\/p>\n","protected":false},"author":4,"featured_media":27202,"comment_status":"open","ping_status":"closed","sticky":false,"template":"","format":"standard","meta":{"om_disable_all_campaigns":false,"_jetpack_memberships_contains_paid_content":false,"footnotes":""},"categories":[2,103],"tags":[],"class_list":["post-41066","post","type-post","status-publish","format-standard","has-post-thumbnail","hentry","category-locales","category-policiales-locales"],"aioseo_notices":[],"gutentor_comment":0,"jetpack_featured_media_url":"https:\/\/eldiariodesanpedro.com.ar\/sitio\/wp-content\/uploads\/2017\/12\/ambulancia-same-provincia.jpg","jetpack_shortlink":"https:\/\/wp.me\/p6RhLt-aGm","jetpack_sharing_enabled":true,"_links":{"self":[{"href":"https:\/\/eldiariodesanpedro.com.ar\/sitio\/wp-json\/wp\/v2\/posts\/41066","targetHints":{"allow":["GET"]}}],"collection":[{"href":"https:\/\/eldiariodesanpedro.com.ar\/sitio\/wp-json\/wp\/v2\/posts"}],"about":[{"href":"https:\/\/eldiariodesanpedro.com.ar\/sitio\/wp-json\/wp\/v2\/types\/post"}],"author":[{"embeddable":true,"href":"https:\/\/eldiariodesanpedro.com.ar\/sitio\/wp-json\/wp\/v2\/users\/4"}],"replies":[{"embeddable":true,"href":"https:\/\/eldiariodesanpedro.com.ar\/sitio\/wp-json\/wp\/v2\/comments?post=41066"}],"version-history":[{"count":1,"href":"https:\/\/eldiariodesanpedro.com.ar\/sitio\/wp-json\/wp\/v2\/posts\/41066\/revisions"}],"predecessor-version":[{"id":41067,"href":"https:\/\/eldiariodesanpedro.com.ar\/sitio\/wp-json\/wp\/v2\/posts\/41066\/revisions\/41067"}],"wp:featuredmedia":[{"embeddable":true,"href":"https:\/\/eldiariodesanpedro.com.ar\/sitio\/wp-json\/wp\/v2\/media\/27202"}],"wp:attachment":[{"href":"https:\/\/eldiariodesanpedro.com.ar\/sitio\/wp-json\/wp\/v2\/media?parent=41066"}],"wp:term":[{"taxonomy":"category","embeddable":true,"href":"https:\/\/eldiariodesanpedro.com.ar\/sitio\/wp-json\/wp\/v2\/categories?post=41066"},{"taxonomy":"post_tag","embeddable":true,"href":"https:\/\/eldiariodesanpedro.com.ar\/sitio\/wp-json\/wp\/v2\/tags?post=41066"}],"curies":[{"name":"wp","href":"https:\/\/api.w.org\/{rel}","templated":true}]}}