{"id":41064,"date":"2018-10-01T08:54:40","date_gmt":"2018-10-01T11:54:40","guid":{"rendered":"https:\/\/eldiariodesanpedro.com.ar\/sitio\/?p=41064"},"modified":"2018-10-01T08:54:40","modified_gmt":"2018-10-01T11:54:40","slug":"tres-personas-aprehendidas-dos-de-ellas-por-tenencia-de-marihuana","status":"publish","type":"post","link":"https:\/\/eldiariodesanpedro.com.ar\/sitio\/tres-personas-aprehendidas-dos-de-ellas-por-tenencia-de-marihuana\/","title":{"rendered":"Tres personas aprehendidas, dos de ellas por tenencia de marihuana"},"content":{"rendered":"<p><!-- VideographyWP Plugin Message: Automatic video embedding prevented by plugin options. --><br \/>\nEste domingo, en horas de la tarde, en intersecci\u00f3n de las calles Bvard Paran\u00e1 y Gomendio, en marco de distintos operativos como vienen realizando todos los d\u00edas el personal policial, proceden a la aprehensi\u00f3n de dos ciudadanos mayores de edad, que pose\u00edan dos envoltorios de marihuana en su poder, sumando los dos 14 gs.<\/p>\n<p>Los aprehendidos son trasladados a la sede policial y fueron puestos a disposici\u00f3n de la Fiscal\u00eda en turno de San Pedro, cumplimentaron recaudos legales caratulados \u00abinfraccion ley de drogas 23737 &#8211; secuestro\u00bb.<\/p>\n<p>Tambi\u00e9n al llegar a la tarde-noche, proceden a detener a un hombre mayor que circulaba caminando por las inmediaciones de calle Combate de Obligado y Balcarce, pesando sobre el mismo pedido de captura activo con fecha de alta 12 de Noviembre de 2018, por una causa de Robo.<\/p>\n<p>Interviene Juzgado en lo correccional N\u00b01 a cargo del DR Ruben Enz de Dpto Judicial San Nicol\u00e1s a quien  se lo notifica para presentarse a dicho magistrado a primer audiencia fines de regularizar su situaci\u00f3n.<\/p>\n","protected":false},"excerpt":{"rendered":"<p>Este domingo, en horas de la tarde, en intersecci\u00f3n de las calles Bvard Paran\u00e1 y Gomendio, en marco de distintos operativos como vienen realizando todos los d\u00edas el personal policial, proceden a la aprehensi\u00f3n de dos ciudadanos mayores de edad, que pose\u00edan dos envoltorios de marihuana en su poder, sumando los dos 14 gs. Los [&hellip;]<\/p>\n","protected":false},"author":4,"featured_media":30195,"comment_status":"open","ping_status":"closed","sticky":false,"template":"","format":"standard","meta":{"om_disable_all_campaigns":false,"_jetpack_memberships_contains_paid_content":false,"footnotes":""},"categories":[2,103],"tags":[],"class_list":["post-41064","post","type-post","status-publish","format-standard","has-post-thumbnail","hentry","category-locales","category-policiales-locales"],"aioseo_notices":[],"gutentor_comment":0,"jetpack_featured_media_url":"https:\/\/eldiariodesanpedro.com.ar\/sitio\/wp-content\/uploads\/2018\/03\/Aprehendido-y-ofuscado.jpg","jetpack_shortlink":"https:\/\/wp.me\/p6RhLt-aGk","jetpack_sharing_enabled":true,"_links":{"self":[{"href":"https:\/\/eldiariodesanpedro.com.ar\/sitio\/wp-json\/wp\/v2\/posts\/41064","targetHints":{"allow":["GET"]}}],"collection":[{"href":"https:\/\/eldiariodesanpedro.com.ar\/sitio\/wp-json\/wp\/v2\/posts"}],"about":[{"href":"https:\/\/eldiariodesanpedro.com.ar\/sitio\/wp-json\/wp\/v2\/types\/post"}],"author":[{"embeddable":true,"href":"https:\/\/eldiariodesanpedro.com.ar\/sitio\/wp-json\/wp\/v2\/users\/4"}],"replies":[{"embeddable":true,"href":"https:\/\/eldiariodesanpedro.com.ar\/sitio\/wp-json\/wp\/v2\/comments?post=41064"}],"version-history":[{"count":1,"href":"https:\/\/eldiariodesanpedro.com.ar\/sitio\/wp-json\/wp\/v2\/posts\/41064\/revisions"}],"predecessor-version":[{"id":41065,"href":"https:\/\/eldiariodesanpedro.com.ar\/sitio\/wp-json\/wp\/v2\/posts\/41064\/revisions\/41065"}],"wp:featuredmedia":[{"embeddable":true,"href":"https:\/\/eldiariodesanpedro.com.ar\/sitio\/wp-json\/wp\/v2\/media\/30195"}],"wp:attachment":[{"href":"https:\/\/eldiariodesanpedro.com.ar\/sitio\/wp-json\/wp\/v2\/media?parent=41064"}],"wp:term":[{"taxonomy":"category","embeddable":true,"href":"https:\/\/eldiariodesanpedro.com.ar\/sitio\/wp-json\/wp\/v2\/categories?post=41064"},{"taxonomy":"post_tag","embeddable":true,"href":"https:\/\/eldiariodesanpedro.com.ar\/sitio\/wp-json\/wp\/v2\/tags?post=41064"}],"curies":[{"name":"wp","href":"https:\/\/api.w.org\/{rel}","templated":true}]}}